{"id":1042,"date":"2024-05-07T11:01:55","date_gmt":"2024-05-07T09:01:55","guid":{"rendered":"https:\/\/www.strato.se\/blogg\/?p=1042"},"modified":"2025-05-05T10:51:56","modified_gmt":"2025-05-05T08:51:56","slug":"liten-okning-av-nya-foretag-i-landet-en-region-gar-mot-strommen","status":"publish","type":"post","link":"https:\/\/www.strato.se\/blogg\/liten-okning-av-nya-foretag-i-landet-en-region-gar-mot-strommen\/","title":{"rendered":"Liten \u00f6kning av nya f\u00f6retag i landet \u2013 en region g\u00e5r mot str\u00f6mmen"},"content":{"rendered":"\n<p><strong>Efter en marginell \u00f6kning av antalet svenska f\u00f6retag i mars var siffran n\u00e5got h\u00f6gre i april. Totalt tillkom 804 nya f\u00f6retag, motsvarande en \u00f6kning med 0,08 procent j\u00e4mf\u00f6rt med mars. Sk\u00e5ne \u00e4r l\u00e4net med starkast nettotillv\u00e4xt medan h\u00e4lften av regionerna s\u00e5g en negativ utveckling i april.<\/strong><\/p>\n\n\n\n<p>Vi p\u00e5 STRATO analyserar regelbundet statistik fr\u00e5n Bolagsverket f\u00f6r att ta reda p\u00e5 hur f\u00f6ruts\u00e4ttningarna f\u00f6r att starta, driva och f\u00e5 ut sitt eget f\u00f6retag online ser ut i Sverige.<br>Nyligen lanserade vi \u00e4ven <a href=\"https:\/\/www.strato.se\/foretagarallsvenskan\/\" target=\"_blank\" rel=\"noreferrer noopener\">F\u00f6retagarAllsvenskan<\/a> \u2013 en webbplats d\u00e4r du som \u00e4r nyfiken kan f\u00f6lja utvecklingen av antalet svenska f\u00f6retag.<\/p>\n\n\n\n<p>Januari och februari var starka m\u00e5nader n\u00e4r det g\u00e4ller nya f\u00f6retag \u2013 men i mars stod det n\u00e4stan stilla. Siffrorna f\u00f6r april indikerar en uppg\u00e5ng, om \u00e4n en liten s\u00e5dan.&nbsp;<\/p>\n\n\n\n<p>Det svenska n\u00e4ringslivet \u00f6kade* \u2013 antalet nyregistrerade f\u00f6retag hos Bolagsverket minus de som avregistrerats \u2013 med 804 f\u00f6retag i april, vilket motsvarar en \u00f6kning p\u00e5 0,08 procent j\u00e4mf\u00f6rt med f\u00f6rra m\u00e5naden och en \u00f6kning p\u00e5 1,37 procent j\u00e4mf\u00f6rt med motsvarande period f\u00f6rra \u00e5ret.<br>F\u00f6rra \u00e5ret var v\u00e4ldigt bra f\u00f6r svenskt f\u00f6retagande och den trenden har fortsatt in p\u00e5 det h\u00e4r \u00e5ret. Svenska f\u00f6retagare visar driftighet och ih\u00e4rdighet, vilket \u00e4r avg\u00f6rande f\u00f6r svensk ekonomi och god tillv\u00e4xt. Vi p\u00e5 STRATO att det \u00e4r viktigt att forts\u00e4tta st\u00f6tta och skapa goda f\u00f6ruts\u00e4ttningar f\u00f6r egenf\u00f6retagare s\u00e5 att fler v\u00e5gar ta klivet att starta och driva eget. <\/p>\n\n\n\n<p><\/p>\n\n\n\n<p>D\u00e4rf\u00f6r har vi samlat en m\u00e4ngd olika tips f\u00f6r dig som har eller vill starta ett eget f\u00f6retag online. P\u00e5 <a href=\"https:\/\/www.strato.se\/blogg\/tag\/tips\/\" target=\"_blank\" rel=\"noreferrer noopener\">denna sida<\/a> kan du l\u00e4ra dig mer om bland annat hur du startar och lyckas med <a href=\"https:\/\/www.strato.se\/blogg\/fem-tips-sa-startar-du-och-lyckas-med-din-egen-webbshop\/\" target=\"_blank\" rel=\"noreferrer noopener\">din egen webbshop<\/a>, hur du som sm\u00e5f\u00f6retagare kan ta <a href=\"https:\/\/www.strato.se\/blogg\/sa-kan-chatgpt-hjalpa-dig-som-smaforetagare\/\" target=\"_blank\" rel=\"noreferrer noopener\">hj\u00e4lp av AI<\/a> eller hur du skapar b\u00e4ttre <a href=\"https:\/\/www.strato.se\/blogg\/seo-fem-tips-for-battre-synlighet-pa-google\/\" target=\"_blank\" rel=\"noreferrer noopener\">synlighet f\u00f6r din hemsida<\/a>.<\/p>\n\n\n\n<h2 class=\"wp-block-heading\" id=\"h-tio-regioner-noterar-minusresultat\"><strong>Tio regioner noterar minusresultat<\/strong><\/h2>\n\n\n\n<p>Av Sveriges 21 regioner \u00e4r det 11 som \u00f6kar \u2013 medan 10 ist\u00e4llet backar. F\u00f6ljande tre regioner ligger i topp f\u00f6r april: Sk\u00e5ne l\u00e4n p\u00e5 f\u00f6rsta plats med en nettotillv\u00e4xt p\u00e5 0,25 procent, motsvarande 327 nya f\u00f6retag. V\u00e4stmanlands l\u00e4n ligger tv\u00e5a och \u00f6kade med 0,17 procent, motsvarande 36 nya f\u00f6retag. Delade treor \u00e4r J\u00f6nk\u00f6pings l\u00e4n, Norrbottens l\u00e4n och V\u00e4stra G\u00f6talands l\u00e4n, alla med 0,12 procent \u2013 en \u00f6kning med 35, 25 respektive 215 nya f\u00f6retag.<\/p>\n\n\n\n<p>De tre som minskar mest \u00e4r Kronobergs l\u00e4n (-0,21 procent), G\u00e4vleborgs l\u00e4n (-0,09 procent) samt J\u00e4mtlands l\u00e4n och Kalmar l\u00e4n (b\u00e5da -0,08 procent).<\/p>\n\n\n\n<p><em>F\u00f6r mer statistik, \u00e4ven p\u00e5 kommunniv\u00e5, bes\u00f6k g\u00e4rna <\/em><a href=\"https:\/\/www.strato.se\/foretagarallsvenskan\/\" target=\"_blank\" rel=\"noreferrer noopener\"><em>F\u00f6retagarAllsvenskan.se.<\/em><\/a><\/p>\n\n\n\n<h2 class=\"wp-block-heading\" id=\"h-sammanstallning-per-region-for-april-2024\"><strong>Sammanst\u00e4llning per region f\u00f6r april 2024:<\/strong><\/h2>\n\n\n\n<figure class=\"wp-block-table\"><table><tbody><tr><td><strong>Region<\/strong><\/td><td><strong>Tillv\u00e4xt april 2024 (registrerade &#8211; avregistrerade)<\/strong>&nbsp;<\/td><td><strong>Tillv\u00e4xt april 2024 (antal)<\/strong><\/td><\/tr><tr><td>Sk\u00e5ne l\u00e4n<\/td><td>0,25%<\/td><td>327<\/td><\/tr><tr><td>V\u00e4stmanlands l\u00e4n<\/td><td>0,17%<\/td><td>36<\/td><\/tr><tr><td>J\u00f6nk\u00f6pings l\u00e4n<\/td><td>0,12%<\/td><td>35<\/td><\/tr><tr><td>Norrbottens l\u00e4n<\/td><td>0,12%<\/td><td>25<\/td><\/tr><tr><td>V\u00e4stra G\u00f6talands l\u00e4n<\/td><td>0,12%<\/td><td>215<\/td><\/tr><tr><td>V\u00e4sterbottens l\u00e4n<\/td><td>0,10%<\/td><td>22<\/td><\/tr><tr><td>\u00d6rebro l\u00e4n<\/td><td>0,08%<\/td><td>20<\/td><\/tr><tr><td>Stockholms l\u00e4n<\/td><td>0,07%<\/td><td>247<\/td><\/tr><tr><td>V\u00e4sternorrlands l\u00e4n<\/td><td>0,07%<\/td><td>14<\/td><\/tr><tr><td>Gotlands l\u00e4n<\/td><td>0,05%<\/td><td>3<\/td><\/tr><tr><td>S\u00f6dermanlands l\u00e4n<\/td><td>0,01%<\/td><td>2<\/td><\/tr><tr><td>\u00d6sterg\u00f6tlands l\u00e4n<\/td><td>-0,01%<\/td><td>-4<\/td><\/tr><tr><td>Blekinge l\u00e4n<\/td><td>-0,02%<\/td><td>-2<\/td><\/tr><tr><td>V\u00e4rmlands l\u00e4n<\/td><td>-0,03%<\/td><td>-6<\/td><\/tr><tr><td>Hallands l\u00e4n<\/td><td>-0,05%<\/td><td>-16<\/td><\/tr><tr><td>Uppsala l\u00e4n<\/td><td>-0,05%<\/td><td>-18<\/td><\/tr><tr><td>Dalarnas l\u00e4n<\/td><td>-0,07%<\/td><td>-18<\/td><\/tr><tr><td>J\u00e4mtlands l\u00e4n<\/td><td>-0,08%&nbsp;<\/td><td>-11<\/td><\/tr><tr><td>Kalmar l\u00e4n<\/td><td>-0,08%<\/td><td>-14<\/td><\/tr><tr><td>G\u00e4vleborgs l\u00e4n<\/td><td>-0,09%<\/td><td>-20<\/td><\/tr><tr><td>Kronobergs l\u00e4n<\/td><td>-0,21%<\/td><td>-33<\/td><\/tr><tr><td><strong>Totalt:<\/strong><\/td><td><strong>0,08%<\/strong><\/td><td><strong>804<\/strong><\/td><\/tr><\/tbody><\/table><figcaption class=\"wp-element-caption\">Bes\u00f6k\u00a0<a href=\"https:\/\/www.strato.se\/foretagarallsvenskan\/\" target=\"_blank\" rel=\"noreferrer noopener\">F\u00f6retagarAllsvenskan.se<\/a>\u00a0f\u00f6r aktuellt tabell\u00e4ge<\/figcaption><\/figure>\n\n\n\n<p class=\"has-small-font-size\"><em>*Det kan f\u00f6rekomma en viss eftersl\u00e4pning av statistiken mellan olika m\u00e5nader. Det kan handla om att f\u00f6retag som avregistrerats kan bak\u00e5tdateras, d\u00e4r exempelvis en konkurs registreras i Bolagsverkets register i juni, men sj\u00e4lva konkursen \u00e4r avslutad i maj. D\u00e5 s\u00e4tts maj sedan som avregistreringsdatum.<\/em><\/p>\n","protected":false},"excerpt":{"rendered":"<p>Efter en marginell \u00f6kning av antalet svenska f\u00f6retag i mars var siffran n\u00e5got h\u00f6gre i april. Totalt tillkom 804 nya f\u00f6retag, motsvarande en \u00f6kning med 0,08 procent j\u00e4mf\u00f6rt med mars. Sk\u00e5ne \u00e4r l\u00e4net med starkast nettotillv\u00e4xt medan h\u00e4lften av regionerna s\u00e5g en negativ utveckling i april. Vi p\u00e5 STRATO analyserar regelbundet statistik fr\u00e5n Bolagsverket f\u00f6r [&hellip;]<\/p>\n","protected":false},"author":4,"featured_media":1044,"comment_status":"closed","ping_status":"closed","sticky":false,"template":"","format":"standard","meta":{"_acf_changed":false,"footnotes":""},"categories":[73,24,21,13],"tags":[51,71,42],"class_list":["post-1042","post","type-post","status-publish","format-standard","has-post-thumbnail","hentry","category-foretagarallsvenskan","category-foeretagsbildning","category-nettotillvaext","category-stories","tag-foretag","tag-foretagarallsvenskan","tag-foretagsbildning"],"acf":[],"yoast_head":"<!-- This site is optimized with the Yoast SEO plugin v27.1.1 - https:\/\/yoast.com\/product\/yoast-seo-wordpress\/ -->\n<title>Liten \u00f6kning av nya f\u00f6retag i landet \u2013 en region g\u00e5r mot str\u00f6mmen - STRATO Blogg<\/title>\n<meta name=\"robots\" content=\"index, follow, max-snippet:-1, max-image-preview:large, max-video-preview:-1\" \/>\n<link rel=\"canonical\" href=\"https:\/\/www.strato.se\/blogg\/liten-okning-av-nya-foretag-i-landet-en-region-gar-mot-strommen\/\" \/>\n<meta property=\"og:locale\" content=\"sv_SE\" \/>\n<meta property=\"og:type\" content=\"article\" \/>\n<meta property=\"og:title\" content=\"Liten \u00f6kning av nya f\u00f6retag i landet \u2013 en region g\u00e5r mot str\u00f6mmen - STRATO Blogg\" \/>\n<meta property=\"og:description\" content=\"Efter en marginell \u00f6kning av antalet svenska f\u00f6retag i mars var siffran n\u00e5got h\u00f6gre i april. Totalt tillkom 804 nya f\u00f6retag, motsvarande en \u00f6kning med 0,08 procent j\u00e4mf\u00f6rt med mars. Sk\u00e5ne \u00e4r l\u00e4net med starkast nettotillv\u00e4xt medan h\u00e4lften av regionerna s\u00e5g en negativ utveckling i april. Vi p\u00e5 STRATO analyserar regelbundet statistik fr\u00e5n Bolagsverket f\u00f6r [&hellip;]\" \/>\n<meta property=\"og:url\" content=\"https:\/\/www.strato.se\/blogg\/liten-okning-av-nya-foretag-i-landet-en-region-gar-mot-strommen\/\" \/>\n<meta property=\"og:site_name\" content=\"STRATO Blogg\" \/>\n<meta property=\"article:published_time\" content=\"2024-05-07T09:01:55+00:00\" \/>\n<meta property=\"article:modified_time\" content=\"2025-05-05T08:51:56+00:00\" \/>\n<meta property=\"og:image\" content=\"https:\/\/www.strato.se\/blogg\/wp-content\/uploads\/sites\/3\/2024\/05\/pexels-akilmazumder-1072824.jpg\" \/>\n\t<meta property=\"og:image:width\" content=\"1000\" \/>\n\t<meta property=\"og:image:height\" content=\"667\" \/>\n\t<meta property=\"og:image:type\" content=\"image\/jpeg\" \/>\n<meta name=\"author\" content=\"Frank Zopp\" \/>\n<meta name=\"twitter:card\" content=\"summary_large_image\" \/>\n<meta name=\"twitter:label1\" content=\"Skriven av\" \/>\n\t<meta name=\"twitter:data1\" content=\"Frank Zopp\" \/>\n\t<meta name=\"twitter:label2\" content=\"Ber\u00e4knad l\u00e4stid\" \/>\n\t<meta name=\"twitter:data2\" content=\"3 minuter\" \/>\n<script type=\"application\/ld+json\" class=\"yoast-schema-graph\">{\"@context\":\"https:\/\/schema.org\",\"@graph\":[{\"@type\":\"Article\",\"@id\":\"https:\/\/www.strato.se\/blogg\/liten-okning-av-nya-foretag-i-landet-en-region-gar-mot-strommen\/#article\",\"isPartOf\":{\"@id\":\"https:\/\/www.strato.se\/blogg\/liten-okning-av-nya-foretag-i-landet-en-region-gar-mot-strommen\/\"},\"author\":{\"name\":\"Frank Zopp\",\"@id\":\"https:\/\/www.strato.se\/blogg\/#\/schema\/person\/1d8f93f8a470cd1b54d677aafa82b1af\"},\"headline\":\"Liten \u00f6kning av nya f\u00f6retag i landet \u2013 en region g\u00e5r mot str\u00f6mmen\",\"datePublished\":\"2024-05-07T09:01:55+00:00\",\"dateModified\":\"2025-05-05T08:51:56+00:00\",\"mainEntityOfPage\":{\"@id\":\"https:\/\/www.strato.se\/blogg\/liten-okning-av-nya-foretag-i-landet-en-region-gar-mot-strommen\/\"},\"wordCount\":670,\"publisher\":{\"@id\":\"https:\/\/www.strato.se\/blogg\/#organization\"},\"image\":{\"@id\":\"https:\/\/www.strato.se\/blogg\/liten-okning-av-nya-foretag-i-landet-en-region-gar-mot-strommen\/#primaryimage\"},\"thumbnailUrl\":\"https:\/\/www.strato.se\/blogg\/wp-content\/uploads\/sites\/3\/2024\/05\/pexels-akilmazumder-1072824.jpg\",\"keywords\":[\"#F\u00f6retag\",\"F\u00f6retagarAllsvenskan\",\"F\u00f6retagsbildning\"],\"articleSection\":[\"F\u00f6retagarAllsvenskan\",\"F\u00f6retagsbildning\",\"Nettotillv\u00e4xt\",\"Stories\"],\"inLanguage\":\"sv-SE\"},{\"@type\":\"WebPage\",\"@id\":\"https:\/\/www.strato.se\/blogg\/liten-okning-av-nya-foretag-i-landet-en-region-gar-mot-strommen\/\",\"url\":\"https:\/\/www.strato.se\/blogg\/liten-okning-av-nya-foretag-i-landet-en-region-gar-mot-strommen\/\",\"name\":\"Liten \u00f6kning av nya f\u00f6retag i landet \u2013 en region g\u00e5r mot str\u00f6mmen - STRATO Blogg\",\"isPartOf\":{\"@id\":\"https:\/\/www.strato.se\/blogg\/#website\"},\"primaryImageOfPage\":{\"@id\":\"https:\/\/www.strato.se\/blogg\/liten-okning-av-nya-foretag-i-landet-en-region-gar-mot-strommen\/#primaryimage\"},\"image\":{\"@id\":\"https:\/\/www.strato.se\/blogg\/liten-okning-av-nya-foretag-i-landet-en-region-gar-mot-strommen\/#primaryimage\"},\"thumbnailUrl\":\"https:\/\/www.strato.se\/blogg\/wp-content\/uploads\/sites\/3\/2024\/05\/pexels-akilmazumder-1072824.jpg\",\"datePublished\":\"2024-05-07T09:01:55+00:00\",\"dateModified\":\"2025-05-05T08:51:56+00:00\",\"breadcrumb\":{\"@id\":\"https:\/\/www.strato.se\/blogg\/liten-okning-av-nya-foretag-i-landet-en-region-gar-mot-strommen\/#breadcrumb\"},\"inLanguage\":\"sv-SE\",\"potentialAction\":[{\"@type\":\"ReadAction\",\"target\":[\"https:\/\/www.strato.se\/blogg\/liten-okning-av-nya-foretag-i-landet-en-region-gar-mot-strommen\/\"]}]},{\"@type\":\"ImageObject\",\"inLanguage\":\"sv-SE\",\"@id\":\"https:\/\/www.strato.se\/blogg\/liten-okning-av-nya-foretag-i-landet-en-region-gar-mot-strommen\/#primaryimage\",\"url\":\"https:\/\/www.strato.se\/blogg\/wp-content\/uploads\/sites\/3\/2024\/05\/pexels-akilmazumder-1072824.jpg\",\"contentUrl\":\"https:\/\/www.strato.se\/blogg\/wp-content\/uploads\/sites\/3\/2024\/05\/pexels-akilmazumder-1072824.jpg\",\"width\":1000,\"height\":667,\"caption\":\"Tillv\u00e4xt av f\u00f6retag i Sverige under april 2024.\"},{\"@type\":\"BreadcrumbList\",\"@id\":\"https:\/\/www.strato.se\/blogg\/liten-okning-av-nya-foretag-i-landet-en-region-gar-mot-strommen\/#breadcrumb\",\"itemListElement\":[{\"@type\":\"ListItem\",\"position\":1,\"name\":\"Home\",\"item\":\"https:\/\/www.strato.se\/blogg\/\"},{\"@type\":\"ListItem\",\"position\":2,\"name\":\"Liten \u00f6kning av nya f\u00f6retag i landet \u2013 en region g\u00e5r mot str\u00f6mmen\"}]},{\"@type\":\"WebSite\",\"@id\":\"https:\/\/www.strato.se\/blogg\/#website\",\"url\":\"https:\/\/www.strato.se\/blogg\/\",\"name\":\"STRATO Blogg\",\"description\":\"\",\"publisher\":{\"@id\":\"https:\/\/www.strato.se\/blogg\/#organization\"},\"potentialAction\":[{\"@type\":\"SearchAction\",\"target\":{\"@type\":\"EntryPoint\",\"urlTemplate\":\"https:\/\/www.strato.se\/blogg\/?s={search_term_string}\"},\"query-input\":{\"@type\":\"PropertyValueSpecification\",\"valueRequired\":true,\"valueName\":\"search_term_string\"}}],\"inLanguage\":\"sv-SE\"},{\"@type\":\"Organization\",\"@id\":\"https:\/\/www.strato.se\/blogg\/#organization\",\"name\":\"STRATO Blogg\",\"url\":\"https:\/\/www.strato.se\/blogg\/\",\"logo\":{\"@type\":\"ImageObject\",\"inLanguage\":\"sv-SE\",\"@id\":\"https:\/\/www.strato.se\/blogg\/#\/schema\/logo\/image\/\",\"url\":\"https:\/\/www.strato.se\/blogg\/wp-content\/uploads\/sites\/3\/2023\/05\/cropped-2019-06-STRATO-bloggt-weis.png\",\"contentUrl\":\"https:\/\/www.strato.se\/blogg\/wp-content\/uploads\/sites\/3\/2023\/05\/cropped-2019-06-STRATO-bloggt-weis.png\",\"width\":555,\"height\":97,\"caption\":\"STRATO Blogg\"},\"image\":{\"@id\":\"https:\/\/www.strato.se\/blogg\/#\/schema\/logo\/image\/\"}},{\"@type\":\"Person\",\"@id\":\"https:\/\/www.strato.se\/blogg\/#\/schema\/person\/1d8f93f8a470cd1b54d677aafa82b1af\",\"name\":\"Frank Zopp\",\"image\":{\"@type\":\"ImageObject\",\"inLanguage\":\"sv-SE\",\"@id\":\"https:\/\/www.strato.se\/blogg\/#\/schema\/person\/image\/\",\"url\":\"https:\/\/www.strato.nl\/blog\/wp-content\/uploads\/sites\/2\/2023\/08\/IMG_0002-11-768x770-1.jpg\",\"contentUrl\":\"https:\/\/www.strato.nl\/blog\/wp-content\/uploads\/sites\/2\/2023\/08\/IMG_0002-11-768x770-1.jpg\",\"caption\":\"Frank Zopp\"},\"description\":\"Jag \u00e4r presstalesman p\u00e5 STRATO.\",\"url\":\"https:\/\/www.strato.se\/blogg\/author\/frank\/\"}]}<\/script>\n<!-- \/ Yoast SEO plugin. -->","yoast_head_json":{"title":"Liten \u00f6kning av nya f\u00f6retag i landet \u2013 en region g\u00e5r mot str\u00f6mmen - STRATO Blogg","robots":{"index":"index","follow":"follow","max-snippet":"max-snippet:-1","max-image-preview":"max-image-preview:large","max-video-preview":"max-video-preview:-1"},"canonical":"https:\/\/www.strato.se\/blogg\/liten-okning-av-nya-foretag-i-landet-en-region-gar-mot-strommen\/","og_locale":"sv_SE","og_type":"article","og_title":"Liten \u00f6kning av nya f\u00f6retag i landet \u2013 en region g\u00e5r mot str\u00f6mmen - STRATO Blogg","og_description":"Efter en marginell \u00f6kning av antalet svenska f\u00f6retag i mars var siffran n\u00e5got h\u00f6gre i april. Totalt tillkom 804 nya f\u00f6retag, motsvarande en \u00f6kning med 0,08 procent j\u00e4mf\u00f6rt med mars. Sk\u00e5ne \u00e4r l\u00e4net med starkast nettotillv\u00e4xt medan h\u00e4lften av regionerna s\u00e5g en negativ utveckling i april. Vi p\u00e5 STRATO analyserar regelbundet statistik fr\u00e5n Bolagsverket f\u00f6r [&hellip;]","og_url":"https:\/\/www.strato.se\/blogg\/liten-okning-av-nya-foretag-i-landet-en-region-gar-mot-strommen\/","og_site_name":"STRATO Blogg","article_published_time":"2024-05-07T09:01:55+00:00","article_modified_time":"2025-05-05T08:51:56+00:00","og_image":[{"width":1000,"height":667,"url":"https:\/\/www.strato.se\/blogg\/wp-content\/uploads\/sites\/3\/2024\/05\/pexels-akilmazumder-1072824.jpg","type":"image\/jpeg"}],"author":"Frank Zopp","twitter_card":"summary_large_image","twitter_misc":{"Skriven av":"Frank Zopp","Ber\u00e4knad l\u00e4stid":"3 minuter"},"schema":{"@context":"https:\/\/schema.org","@graph":[{"@type":"Article","@id":"https:\/\/www.strato.se\/blogg\/liten-okning-av-nya-foretag-i-landet-en-region-gar-mot-strommen\/#article","isPartOf":{"@id":"https:\/\/www.strato.se\/blogg\/liten-okning-av-nya-foretag-i-landet-en-region-gar-mot-strommen\/"},"author":{"name":"Frank Zopp","@id":"https:\/\/www.strato.se\/blogg\/#\/schema\/person\/1d8f93f8a470cd1b54d677aafa82b1af"},"headline":"Liten \u00f6kning av nya f\u00f6retag i landet \u2013 en region g\u00e5r mot str\u00f6mmen","datePublished":"2024-05-07T09:01:55+00:00","dateModified":"2025-05-05T08:51:56+00:00","mainEntityOfPage":{"@id":"https:\/\/www.strato.se\/blogg\/liten-okning-av-nya-foretag-i-landet-en-region-gar-mot-strommen\/"},"wordCount":670,"publisher":{"@id":"https:\/\/www.strato.se\/blogg\/#organization"},"image":{"@id":"https:\/\/www.strato.se\/blogg\/liten-okning-av-nya-foretag-i-landet-en-region-gar-mot-strommen\/#primaryimage"},"thumbnailUrl":"https:\/\/www.strato.se\/blogg\/wp-content\/uploads\/sites\/3\/2024\/05\/pexels-akilmazumder-1072824.jpg","keywords":["#F\u00f6retag","F\u00f6retagarAllsvenskan","F\u00f6retagsbildning"],"articleSection":["F\u00f6retagarAllsvenskan","F\u00f6retagsbildning","Nettotillv\u00e4xt","Stories"],"inLanguage":"sv-SE"},{"@type":"WebPage","@id":"https:\/\/www.strato.se\/blogg\/liten-okning-av-nya-foretag-i-landet-en-region-gar-mot-strommen\/","url":"https:\/\/www.strato.se\/blogg\/liten-okning-av-nya-foretag-i-landet-en-region-gar-mot-strommen\/","name":"Liten \u00f6kning av nya f\u00f6retag i landet \u2013 en region g\u00e5r mot str\u00f6mmen - STRATO Blogg","isPartOf":{"@id":"https:\/\/www.strato.se\/blogg\/#website"},"primaryImageOfPage":{"@id":"https:\/\/www.strato.se\/blogg\/liten-okning-av-nya-foretag-i-landet-en-region-gar-mot-strommen\/#primaryimage"},"image":{"@id":"https:\/\/www.strato.se\/blogg\/liten-okning-av-nya-foretag-i-landet-en-region-gar-mot-strommen\/#primaryimage"},"thumbnailUrl":"https:\/\/www.strato.se\/blogg\/wp-content\/uploads\/sites\/3\/2024\/05\/pexels-akilmazumder-1072824.jpg","datePublished":"2024-05-07T09:01:55+00:00","dateModified":"2025-05-05T08:51:56+00:00","breadcrumb":{"@id":"https:\/\/www.strato.se\/blogg\/liten-okning-av-nya-foretag-i-landet-en-region-gar-mot-strommen\/#breadcrumb"},"inLanguage":"sv-SE","potentialAction":[{"@type":"ReadAction","target":["https:\/\/www.strato.se\/blogg\/liten-okning-av-nya-foretag-i-landet-en-region-gar-mot-strommen\/"]}]},{"@type":"ImageObject","inLanguage":"sv-SE","@id":"https:\/\/www.strato.se\/blogg\/liten-okning-av-nya-foretag-i-landet-en-region-gar-mot-strommen\/#primaryimage","url":"https:\/\/www.strato.se\/blogg\/wp-content\/uploads\/sites\/3\/2024\/05\/pexels-akilmazumder-1072824.jpg","contentUrl":"https:\/\/www.strato.se\/blogg\/wp-content\/uploads\/sites\/3\/2024\/05\/pexels-akilmazumder-1072824.jpg","width":1000,"height":667,"caption":"Tillv\u00e4xt av f\u00f6retag i Sverige under april 2024."},{"@type":"BreadcrumbList","@id":"https:\/\/www.strato.se\/blogg\/liten-okning-av-nya-foretag-i-landet-en-region-gar-mot-strommen\/#breadcrumb","itemListElement":[{"@type":"ListItem","position":1,"name":"Home","item":"https:\/\/www.strato.se\/blogg\/"},{"@type":"ListItem","position":2,"name":"Liten \u00f6kning av nya f\u00f6retag i landet \u2013 en region g\u00e5r mot str\u00f6mmen"}]},{"@type":"WebSite","@id":"https:\/\/www.strato.se\/blogg\/#website","url":"https:\/\/www.strato.se\/blogg\/","name":"STRATO Blogg","description":"","publisher":{"@id":"https:\/\/www.strato.se\/blogg\/#organization"},"potentialAction":[{"@type":"SearchAction","target":{"@type":"EntryPoint","urlTemplate":"https:\/\/www.strato.se\/blogg\/?s={search_term_string}"},"query-input":{"@type":"PropertyValueSpecification","valueRequired":true,"valueName":"search_term_string"}}],"inLanguage":"sv-SE"},{"@type":"Organization","@id":"https:\/\/www.strato.se\/blogg\/#organization","name":"STRATO Blogg","url":"https:\/\/www.strato.se\/blogg\/","logo":{"@type":"ImageObject","inLanguage":"sv-SE","@id":"https:\/\/www.strato.se\/blogg\/#\/schema\/logo\/image\/","url":"https:\/\/www.strato.se\/blogg\/wp-content\/uploads\/sites\/3\/2023\/05\/cropped-2019-06-STRATO-bloggt-weis.png","contentUrl":"https:\/\/www.strato.se\/blogg\/wp-content\/uploads\/sites\/3\/2023\/05\/cropped-2019-06-STRATO-bloggt-weis.png","width":555,"height":97,"caption":"STRATO Blogg"},"image":{"@id":"https:\/\/www.strato.se\/blogg\/#\/schema\/logo\/image\/"}},{"@type":"Person","@id":"https:\/\/www.strato.se\/blogg\/#\/schema\/person\/1d8f93f8a470cd1b54d677aafa82b1af","name":"Frank Zopp","image":{"@type":"ImageObject","inLanguage":"sv-SE","@id":"https:\/\/www.strato.se\/blogg\/#\/schema\/person\/image\/","url":"https:\/\/www.strato.nl\/blog\/wp-content\/uploads\/sites\/2\/2023\/08\/IMG_0002-11-768x770-1.jpg","contentUrl":"https:\/\/www.strato.nl\/blog\/wp-content\/uploads\/sites\/2\/2023\/08\/IMG_0002-11-768x770-1.jpg","caption":"Frank Zopp"},"description":"Jag \u00e4r presstalesman p\u00e5 STRATO.","url":"https:\/\/www.strato.se\/blogg\/author\/frank\/"}]}},"_links":{"self":[{"href":"https:\/\/www.strato.se\/blogg\/wp-json\/wp\/v2\/posts\/1042","targetHints":{"allow":["GET"]}}],"collection":[{"href":"https:\/\/www.strato.se\/blogg\/wp-json\/wp\/v2\/posts"}],"about":[{"href":"https:\/\/www.strato.se\/blogg\/wp-json\/wp\/v2\/types\/post"}],"author":[{"embeddable":true,"href":"https:\/\/www.strato.se\/blogg\/wp-json\/wp\/v2\/users\/4"}],"replies":[{"embeddable":true,"href":"https:\/\/www.strato.se\/blogg\/wp-json\/wp\/v2\/comments?post=1042"}],"version-history":[{"count":2,"href":"https:\/\/www.strato.se\/blogg\/wp-json\/wp\/v2\/posts\/1042\/revisions"}],"predecessor-version":[{"id":1045,"href":"https:\/\/www.strato.se\/blogg\/wp-json\/wp\/v2\/posts\/1042\/revisions\/1045"}],"wp:featuredmedia":[{"embeddable":true,"href":"https:\/\/www.strato.se\/blogg\/wp-json\/wp\/v2\/media\/1044"}],"wp:attachment":[{"href":"https:\/\/www.strato.se\/blogg\/wp-json\/wp\/v2\/media?parent=1042"}],"wp:term":[{"taxonomy":"category","embeddable":true,"href":"https:\/\/www.strato.se\/blogg\/wp-json\/wp\/v2\/categories?post=1042"},{"taxonomy":"post_tag","embeddable":true,"href":"https:\/\/www.strato.se\/blogg\/wp-json\/wp\/v2\/tags?post=1042"}],"curies":[{"name":"wp","href":"https:\/\/api.w.org\/{rel}","templated":true}]}}