{"id":1335,"date":"2026-03-03T15:28:24","date_gmt":"2026-03-03T14:28:24","guid":{"rendered":"https:\/\/www.strato.se\/blogg\/?p=1335"},"modified":"2026-03-03T15:31:12","modified_gmt":"2026-03-03T14:31:12","slug":"vaxholm-vinner-foretagarallsvenskan-motet-med-foretagarna-ar-det-viktiga","status":"publish","type":"post","link":"https:\/\/www.strato.se\/blogg\/vaxholm-vinner-foretagarallsvenskan-motet-med-foretagarna-ar-det-viktiga\/","title":{"rendered":"Vaxholm vinner F\u00f6retagarAllsvenskan: \u201cM\u00f6tet med f\u00f6retagarna \u00e4r det viktiga\u201d"},"content":{"rendered":"\n<p><strong>Vaxholms stad vinner F\u00f6retagarAllsvenskan 2025 med en nettotillv\u00e4xt p\u00e5 6,34 procent. Resultatet av ett m\u00e5lmedvetet arbete med bes\u00f6k, servicepolicyer och dialog mellan f\u00f6retagare och kommunen, ber\u00e4ttar Kristina Runhem, kommunstyrelsens ordf\u00f6rande.<\/strong><\/p>\n\n\n\n<p><strong>Kristina, ber\u00e4tta vad den h\u00e4r framg\u00e5ngen och placeringen betyder f\u00f6r dig och din kommun?<\/strong><\/p>\n\n\n\n<p>\u2013 Det k\u00e4nns fantastiskt. Det \u00e4r resultatet av en l\u00e5ng resa med att st\u00e4rka n\u00e4ringslivet. Vi \u00e4r otroligt glada f\u00f6r erk\u00e4nnandet, men det viktigaste \u00e4r arbetet som g\u00f6rs varje dag.<\/p>\n\n\n\n<p><strong>Vad skulle du s\u00e4ga \u00e4r nyckeln till att Vaxholm har lyckats s\u00e5 bra?<\/strong><\/p>\n\n\n\n<p>\u2013 Vi har jobbat mycket med n\u00e4ra dialog och kontinuerliga m\u00f6ten med f\u00f6retagarna i v\u00e5r region. Vi har en n\u00e4ringslivsutvecklare som tillsammans med politiken skapar f\u00f6ruts\u00e4ttningar. Och det \u00e4r i vardagen \u2013 i samtal, f\u00f6retagsbes\u00f6k och m\u00f6tesplatser \u2013 som utveckling och uppmuntran sker.<\/p>\n\n\n\n<p><strong>Vad g\u00f6r Vaxholm attraktivt f\u00f6r f\u00f6retagare?<\/strong><\/p>\n\n\n\n<p>\u2013 Vaxholm kombinerar sk\u00e4rg\u00e5rdsmilj\u00f6n med n\u00e4rheten till Stockholm, vilket m\u00e5nga upplever som en attraktiv livs- och f\u00f6retagsmilj\u00f6. Vi har ocks\u00e5 god bredbandstillg\u00e5ng, vilket \u00e4r avg\u00f6rande f\u00f6r m\u00e5nga sm\u00e5f\u00f6retag som driver verksamhet hemifr\u00e5n.<\/p>\n\n\n\n<p><strong>Har ni genomf\u00f6rt specifika \u00e5tg\u00e4rder som f\u00f6rb\u00e4ttrat f\u00f6retagsklimatet?<\/strong><\/p>\n\n\n\n<p>\u2013 Ett viktigt initiativ \u00e4r v\u00e5r servicepolicy, som klarg\u00f6r vad f\u00f6retagare kan f\u00f6rv\u00e4nta sig av sin kommun med till exempel svarstider, hantering av lov och tillst\u00e5nd. Policyn skapar tydliga f\u00f6rv\u00e4ntningar och minskar os\u00e4kerhet om hur processer fungerar. Vi har ocks\u00e5 satsat p\u00e5 n\u00e4ringslivsfrukostar d\u00e4r f\u00f6retagare tr\u00e4ffas, utbyter erfarenheter och bygger n\u00e4tverk.<\/p>\n\n\n\n<p><strong>Finns det utmaningar kvar?<\/strong><\/p>\n\n\n\n<p>\u2013 Vissa infrastrukturella begr\u00e4nsningar, som VA-kapacitet, har varit hinder f\u00f6r vissa verksamheter. Markf\u00f6ruts\u00e4ttningar \u00e4r ocks\u00e5 en utmaning och som \u00f6kommun med strandskydd och sk\u00e4rg\u00e5rdsregler \u00e4r viss expansion sv\u00e5rare att m\u00f6jligg\u00f6ra.<\/p>\n\n\n\n<p><strong>Hur ser ni p\u00e5 framtiden \u2013 hur ska ni f\u00f6rsvara segern?<\/strong><\/p>\n\n\n\n<p>\u2013 Genom att forts\u00e4tta utveckla det vi gjort, och genom att h\u00e5lla dialogen med f\u00f6retagarna levande. Vi har m\u00e5nga nystartade f\u00f6retag varje \u00e5r, och det \u00e4r en styrka i sig. Men det \u00e4r ocks\u00e5 en p\u00e5minnelse om att vi m\u00e5ste forts\u00e4tta skapa b\u00e4ttre f\u00f6ruts\u00e4ttningar \u2013 f\u00f6r att hj\u00e4lpa f\u00f6retag starta, v\u00e4xa och stanna kvar i kommunen.<\/p>\n","protected":false},"excerpt":{"rendered":"<p>Vaxholms stad vinner F\u00f6retagarAllsvenskan 2025 med en nettotillv\u00e4xt p\u00e5 6,34 procent. Resultatet av ett m\u00e5lmedvetet arbete med bes\u00f6k, servicepolicyer och dialog mellan f\u00f6retagare och kommunen, ber\u00e4ttar Kristina Runhem, kommunstyrelsens ordf\u00f6rande. Kristina, ber\u00e4tta vad den h\u00e4r framg\u00e5ngen och placeringen betyder f\u00f6r dig och din kommun? \u2013 Det k\u00e4nns fantastiskt. Det \u00e4r resultatet av en l\u00e5ng resa [&hellip;]<\/p>\n","protected":false},"author":4,"featured_media":1337,"comment_status":"closed","ping_status":"closed","sticky":false,"template":"","format":"standard","meta":{"_acf_changed":false,"footnotes":""},"categories":[73,24,21,1,77],"tags":[],"class_list":["post-1335","post","type-post","status-publish","format-standard","has-post-thumbnail","hentry","category-foretagarallsvenskan","category-foeretagsbildning","category-nettotillvaext","category-uncategorized","category-undersokning"],"acf":[],"yoast_head":"<!-- This site is optimized with the Yoast SEO plugin v27.1.1 - https:\/\/yoast.com\/product\/yoast-seo-wordpress\/ -->\n<title>Vaxholm vinner F\u00f6retagarAllsvenskan: \u201cM\u00f6tet med f\u00f6retagarna \u00e4r det viktiga\u201d - STRATO Blogg<\/title>\n<meta name=\"robots\" content=\"index, follow, max-snippet:-1, max-image-preview:large, max-video-preview:-1\" \/>\n<link rel=\"canonical\" href=\"https:\/\/www.strato.se\/blogg\/vaxholm-vinner-foretagarallsvenskan-motet-med-foretagarna-ar-det-viktiga\/\" \/>\n<meta property=\"og:locale\" content=\"sv_SE\" \/>\n<meta property=\"og:type\" content=\"article\" \/>\n<meta property=\"og:title\" content=\"Vaxholm vinner F\u00f6retagarAllsvenskan: \u201cM\u00f6tet med f\u00f6retagarna \u00e4r det viktiga\u201d - STRATO Blogg\" \/>\n<meta property=\"og:description\" content=\"Vaxholms stad vinner F\u00f6retagarAllsvenskan 2025 med en nettotillv\u00e4xt p\u00e5 6,34 procent. Resultatet av ett m\u00e5lmedvetet arbete med bes\u00f6k, servicepolicyer och dialog mellan f\u00f6retagare och kommunen, ber\u00e4ttar Kristina Runhem, kommunstyrelsens ordf\u00f6rande. Kristina, ber\u00e4tta vad den h\u00e4r framg\u00e5ngen och placeringen betyder f\u00f6r dig och din kommun? \u2013 Det k\u00e4nns fantastiskt. Det \u00e4r resultatet av en l\u00e5ng resa [&hellip;]\" \/>\n<meta property=\"og:url\" content=\"https:\/\/www.strato.se\/blogg\/vaxholm-vinner-foretagarallsvenskan-motet-med-foretagarna-ar-det-viktiga\/\" \/>\n<meta property=\"og:site_name\" content=\"STRATO Blogg\" \/>\n<meta property=\"article:published_time\" content=\"2026-03-03T14:28:24+00:00\" \/>\n<meta property=\"article:modified_time\" content=\"2026-03-03T14:31:12+00:00\" \/>\n<meta property=\"og:image\" content=\"https:\/\/www.strato.se\/blogg\/wp-content\/uploads\/sites\/3\/2026\/03\/Pressbild-1-scaled.jpg\" \/>\n\t<meta property=\"og:image:width\" content=\"2048\" \/>\n\t<meta property=\"og:image:height\" content=\"1152\" \/>\n\t<meta property=\"og:image:type\" content=\"image\/jpeg\" \/>\n<meta name=\"author\" content=\"Frank Zopp\" \/>\n<meta name=\"twitter:card\" content=\"summary_large_image\" \/>\n<meta name=\"twitter:label1\" content=\"Skriven av\" \/>\n\t<meta name=\"twitter:data1\" content=\"Frank Zopp\" \/>\n\t<meta name=\"twitter:label2\" content=\"Ber\u00e4knad l\u00e4stid\" \/>\n\t<meta name=\"twitter:data2\" content=\"2 minuter\" \/>\n<script type=\"application\/ld+json\" class=\"yoast-schema-graph\">{\"@context\":\"https:\/\/schema.org\",\"@graph\":[{\"@type\":\"Article\",\"@id\":\"https:\/\/www.strato.se\/blogg\/vaxholm-vinner-foretagarallsvenskan-motet-med-foretagarna-ar-det-viktiga\/#article\",\"isPartOf\":{\"@id\":\"https:\/\/www.strato.se\/blogg\/vaxholm-vinner-foretagarallsvenskan-motet-med-foretagarna-ar-det-viktiga\/\"},\"author\":{\"name\":\"Frank Zopp\",\"@id\":\"https:\/\/www.strato.se\/blogg\/#\/schema\/person\/1d8f93f8a470cd1b54d677aafa82b1af\"},\"headline\":\"Vaxholm vinner F\u00f6retagarAllsvenskan: \u201cM\u00f6tet med f\u00f6retagarna \u00e4r det viktiga\u201d\",\"datePublished\":\"2026-03-03T14:28:24+00:00\",\"dateModified\":\"2026-03-03T14:31:12+00:00\",\"mainEntityOfPage\":{\"@id\":\"https:\/\/www.strato.se\/blogg\/vaxholm-vinner-foretagarallsvenskan-motet-med-foretagarna-ar-det-viktiga\/\"},\"wordCount\":417,\"publisher\":{\"@id\":\"https:\/\/www.strato.se\/blogg\/#organization\"},\"image\":{\"@id\":\"https:\/\/www.strato.se\/blogg\/vaxholm-vinner-foretagarallsvenskan-motet-med-foretagarna-ar-det-viktiga\/#primaryimage\"},\"thumbnailUrl\":\"https:\/\/www.strato.se\/blogg\/wp-content\/uploads\/sites\/3\/2026\/03\/Pressbild-1-scaled.jpg\",\"articleSection\":[\"F\u00f6retagarAllsvenskan\",\"F\u00f6retagsbildning\",\"Nettotillv\u00e4xt\",\"Uncategorized\",\"Unders\u00f6kning\"],\"inLanguage\":\"sv-SE\"},{\"@type\":\"WebPage\",\"@id\":\"https:\/\/www.strato.se\/blogg\/vaxholm-vinner-foretagarallsvenskan-motet-med-foretagarna-ar-det-viktiga\/\",\"url\":\"https:\/\/www.strato.se\/blogg\/vaxholm-vinner-foretagarallsvenskan-motet-med-foretagarna-ar-det-viktiga\/\",\"name\":\"Vaxholm vinner F\u00f6retagarAllsvenskan: \u201cM\u00f6tet med f\u00f6retagarna \u00e4r det viktiga\u201d - STRATO Blogg\",\"isPartOf\":{\"@id\":\"https:\/\/www.strato.se\/blogg\/#website\"},\"primaryImageOfPage\":{\"@id\":\"https:\/\/www.strato.se\/blogg\/vaxholm-vinner-foretagarallsvenskan-motet-med-foretagarna-ar-det-viktiga\/#primaryimage\"},\"image\":{\"@id\":\"https:\/\/www.strato.se\/blogg\/vaxholm-vinner-foretagarallsvenskan-motet-med-foretagarna-ar-det-viktiga\/#primaryimage\"},\"thumbnailUrl\":\"https:\/\/www.strato.se\/blogg\/wp-content\/uploads\/sites\/3\/2026\/03\/Pressbild-1-scaled.jpg\",\"datePublished\":\"2026-03-03T14:28:24+00:00\",\"dateModified\":\"2026-03-03T14:31:12+00:00\",\"breadcrumb\":{\"@id\":\"https:\/\/www.strato.se\/blogg\/vaxholm-vinner-foretagarallsvenskan-motet-med-foretagarna-ar-det-viktiga\/#breadcrumb\"},\"inLanguage\":\"sv-SE\",\"potentialAction\":[{\"@type\":\"ReadAction\",\"target\":[\"https:\/\/www.strato.se\/blogg\/vaxholm-vinner-foretagarallsvenskan-motet-med-foretagarna-ar-det-viktiga\/\"]}]},{\"@type\":\"ImageObject\",\"inLanguage\":\"sv-SE\",\"@id\":\"https:\/\/www.strato.se\/blogg\/vaxholm-vinner-foretagarallsvenskan-motet-med-foretagarna-ar-det-viktiga\/#primaryimage\",\"url\":\"https:\/\/www.strato.se\/blogg\/wp-content\/uploads\/sites\/3\/2026\/03\/Pressbild-1-scaled.jpg\",\"contentUrl\":\"https:\/\/www.strato.se\/blogg\/wp-content\/uploads\/sites\/3\/2026\/03\/Pressbild-1-scaled.jpg\",\"width\":2048,\"height\":1152},{\"@type\":\"BreadcrumbList\",\"@id\":\"https:\/\/www.strato.se\/blogg\/vaxholm-vinner-foretagarallsvenskan-motet-med-foretagarna-ar-det-viktiga\/#breadcrumb\",\"itemListElement\":[{\"@type\":\"ListItem\",\"position\":1,\"name\":\"Home\",\"item\":\"https:\/\/www.strato.se\/blogg\/\"},{\"@type\":\"ListItem\",\"position\":2,\"name\":\"Vaxholm vinner F\u00f6retagarAllsvenskan: \u201cM\u00f6tet med f\u00f6retagarna \u00e4r det viktiga\u201d\"}]},{\"@type\":\"WebSite\",\"@id\":\"https:\/\/www.strato.se\/blogg\/#website\",\"url\":\"https:\/\/www.strato.se\/blogg\/\",\"name\":\"STRATO Blogg\",\"description\":\"\",\"publisher\":{\"@id\":\"https:\/\/www.strato.se\/blogg\/#organization\"},\"potentialAction\":[{\"@type\":\"SearchAction\",\"target\":{\"@type\":\"EntryPoint\",\"urlTemplate\":\"https:\/\/www.strato.se\/blogg\/?s={search_term_string}\"},\"query-input\":{\"@type\":\"PropertyValueSpecification\",\"valueRequired\":true,\"valueName\":\"search_term_string\"}}],\"inLanguage\":\"sv-SE\"},{\"@type\":\"Organization\",\"@id\":\"https:\/\/www.strato.se\/blogg\/#organization\",\"name\":\"STRATO Blogg\",\"url\":\"https:\/\/www.strato.se\/blogg\/\",\"logo\":{\"@type\":\"ImageObject\",\"inLanguage\":\"sv-SE\",\"@id\":\"https:\/\/www.strato.se\/blogg\/#\/schema\/logo\/image\/\",\"url\":\"https:\/\/www.strato.se\/blogg\/wp-content\/uploads\/sites\/3\/2023\/05\/cropped-2019-06-STRATO-bloggt-weis.png\",\"contentUrl\":\"https:\/\/www.strato.se\/blogg\/wp-content\/uploads\/sites\/3\/2023\/05\/cropped-2019-06-STRATO-bloggt-weis.png\",\"width\":555,\"height\":97,\"caption\":\"STRATO Blogg\"},\"image\":{\"@id\":\"https:\/\/www.strato.se\/blogg\/#\/schema\/logo\/image\/\"}},{\"@type\":\"Person\",\"@id\":\"https:\/\/www.strato.se\/blogg\/#\/schema\/person\/1d8f93f8a470cd1b54d677aafa82b1af\",\"name\":\"Frank Zopp\",\"image\":{\"@type\":\"ImageObject\",\"inLanguage\":\"sv-SE\",\"@id\":\"https:\/\/www.strato.se\/blogg\/#\/schema\/person\/image\/\",\"url\":\"https:\/\/www.strato.nl\/blog\/wp-content\/uploads\/sites\/2\/2023\/08\/IMG_0002-11-768x770-1.jpg\",\"contentUrl\":\"https:\/\/www.strato.nl\/blog\/wp-content\/uploads\/sites\/2\/2023\/08\/IMG_0002-11-768x770-1.jpg\",\"caption\":\"Frank Zopp\"},\"description\":\"Jag \u00e4r presstalesman p\u00e5 STRATO.\",\"url\":\"https:\/\/www.strato.se\/blogg\/author\/frank\/\"}]}<\/script>\n<!-- \/ Yoast SEO plugin. -->","yoast_head_json":{"title":"Vaxholm vinner F\u00f6retagarAllsvenskan: \u201cM\u00f6tet med f\u00f6retagarna \u00e4r det viktiga\u201d - STRATO Blogg","robots":{"index":"index","follow":"follow","max-snippet":"max-snippet:-1","max-image-preview":"max-image-preview:large","max-video-preview":"max-video-preview:-1"},"canonical":"https:\/\/www.strato.se\/blogg\/vaxholm-vinner-foretagarallsvenskan-motet-med-foretagarna-ar-det-viktiga\/","og_locale":"sv_SE","og_type":"article","og_title":"Vaxholm vinner F\u00f6retagarAllsvenskan: \u201cM\u00f6tet med f\u00f6retagarna \u00e4r det viktiga\u201d - STRATO Blogg","og_description":"Vaxholms stad vinner F\u00f6retagarAllsvenskan 2025 med en nettotillv\u00e4xt p\u00e5 6,34 procent. Resultatet av ett m\u00e5lmedvetet arbete med bes\u00f6k, servicepolicyer och dialog mellan f\u00f6retagare och kommunen, ber\u00e4ttar Kristina Runhem, kommunstyrelsens ordf\u00f6rande. Kristina, ber\u00e4tta vad den h\u00e4r framg\u00e5ngen och placeringen betyder f\u00f6r dig och din kommun? \u2013 Det k\u00e4nns fantastiskt. Det \u00e4r resultatet av en l\u00e5ng resa [&hellip;]","og_url":"https:\/\/www.strato.se\/blogg\/vaxholm-vinner-foretagarallsvenskan-motet-med-foretagarna-ar-det-viktiga\/","og_site_name":"STRATO Blogg","article_published_time":"2026-03-03T14:28:24+00:00","article_modified_time":"2026-03-03T14:31:12+00:00","og_image":[{"width":2048,"height":1152,"url":"https:\/\/www.strato.se\/blogg\/wp-content\/uploads\/sites\/3\/2026\/03\/Pressbild-1-scaled.jpg","type":"image\/jpeg"}],"author":"Frank Zopp","twitter_card":"summary_large_image","twitter_misc":{"Skriven av":"Frank Zopp","Ber\u00e4knad l\u00e4stid":"2 minuter"},"schema":{"@context":"https:\/\/schema.org","@graph":[{"@type":"Article","@id":"https:\/\/www.strato.se\/blogg\/vaxholm-vinner-foretagarallsvenskan-motet-med-foretagarna-ar-det-viktiga\/#article","isPartOf":{"@id":"https:\/\/www.strato.se\/blogg\/vaxholm-vinner-foretagarallsvenskan-motet-med-foretagarna-ar-det-viktiga\/"},"author":{"name":"Frank Zopp","@id":"https:\/\/www.strato.se\/blogg\/#\/schema\/person\/1d8f93f8a470cd1b54d677aafa82b1af"},"headline":"Vaxholm vinner F\u00f6retagarAllsvenskan: \u201cM\u00f6tet med f\u00f6retagarna \u00e4r det viktiga\u201d","datePublished":"2026-03-03T14:28:24+00:00","dateModified":"2026-03-03T14:31:12+00:00","mainEntityOfPage":{"@id":"https:\/\/www.strato.se\/blogg\/vaxholm-vinner-foretagarallsvenskan-motet-med-foretagarna-ar-det-viktiga\/"},"wordCount":417,"publisher":{"@id":"https:\/\/www.strato.se\/blogg\/#organization"},"image":{"@id":"https:\/\/www.strato.se\/blogg\/vaxholm-vinner-foretagarallsvenskan-motet-med-foretagarna-ar-det-viktiga\/#primaryimage"},"thumbnailUrl":"https:\/\/www.strato.se\/blogg\/wp-content\/uploads\/sites\/3\/2026\/03\/Pressbild-1-scaled.jpg","articleSection":["F\u00f6retagarAllsvenskan","F\u00f6retagsbildning","Nettotillv\u00e4xt","Uncategorized","Unders\u00f6kning"],"inLanguage":"sv-SE"},{"@type":"WebPage","@id":"https:\/\/www.strato.se\/blogg\/vaxholm-vinner-foretagarallsvenskan-motet-med-foretagarna-ar-det-viktiga\/","url":"https:\/\/www.strato.se\/blogg\/vaxholm-vinner-foretagarallsvenskan-motet-med-foretagarna-ar-det-viktiga\/","name":"Vaxholm vinner F\u00f6retagarAllsvenskan: \u201cM\u00f6tet med f\u00f6retagarna \u00e4r det viktiga\u201d - STRATO Blogg","isPartOf":{"@id":"https:\/\/www.strato.se\/blogg\/#website"},"primaryImageOfPage":{"@id":"https:\/\/www.strato.se\/blogg\/vaxholm-vinner-foretagarallsvenskan-motet-med-foretagarna-ar-det-viktiga\/#primaryimage"},"image":{"@id":"https:\/\/www.strato.se\/blogg\/vaxholm-vinner-foretagarallsvenskan-motet-med-foretagarna-ar-det-viktiga\/#primaryimage"},"thumbnailUrl":"https:\/\/www.strato.se\/blogg\/wp-content\/uploads\/sites\/3\/2026\/03\/Pressbild-1-scaled.jpg","datePublished":"2026-03-03T14:28:24+00:00","dateModified":"2026-03-03T14:31:12+00:00","breadcrumb":{"@id":"https:\/\/www.strato.se\/blogg\/vaxholm-vinner-foretagarallsvenskan-motet-med-foretagarna-ar-det-viktiga\/#breadcrumb"},"inLanguage":"sv-SE","potentialAction":[{"@type":"ReadAction","target":["https:\/\/www.strato.se\/blogg\/vaxholm-vinner-foretagarallsvenskan-motet-med-foretagarna-ar-det-viktiga\/"]}]},{"@type":"ImageObject","inLanguage":"sv-SE","@id":"https:\/\/www.strato.se\/blogg\/vaxholm-vinner-foretagarallsvenskan-motet-med-foretagarna-ar-det-viktiga\/#primaryimage","url":"https:\/\/www.strato.se\/blogg\/wp-content\/uploads\/sites\/3\/2026\/03\/Pressbild-1-scaled.jpg","contentUrl":"https:\/\/www.strato.se\/blogg\/wp-content\/uploads\/sites\/3\/2026\/03\/Pressbild-1-scaled.jpg","width":2048,"height":1152},{"@type":"BreadcrumbList","@id":"https:\/\/www.strato.se\/blogg\/vaxholm-vinner-foretagarallsvenskan-motet-med-foretagarna-ar-det-viktiga\/#breadcrumb","itemListElement":[{"@type":"ListItem","position":1,"name":"Home","item":"https:\/\/www.strato.se\/blogg\/"},{"@type":"ListItem","position":2,"name":"Vaxholm vinner F\u00f6retagarAllsvenskan: \u201cM\u00f6tet med f\u00f6retagarna \u00e4r det viktiga\u201d"}]},{"@type":"WebSite","@id":"https:\/\/www.strato.se\/blogg\/#website","url":"https:\/\/www.strato.se\/blogg\/","name":"STRATO Blogg","description":"","publisher":{"@id":"https:\/\/www.strato.se\/blogg\/#organization"},"potentialAction":[{"@type":"SearchAction","target":{"@type":"EntryPoint","urlTemplate":"https:\/\/www.strato.se\/blogg\/?s={search_term_string}"},"query-input":{"@type":"PropertyValueSpecification","valueRequired":true,"valueName":"search_term_string"}}],"inLanguage":"sv-SE"},{"@type":"Organization","@id":"https:\/\/www.strato.se\/blogg\/#organization","name":"STRATO Blogg","url":"https:\/\/www.strato.se\/blogg\/","logo":{"@type":"ImageObject","inLanguage":"sv-SE","@id":"https:\/\/www.strato.se\/blogg\/#\/schema\/logo\/image\/","url":"https:\/\/www.strato.se\/blogg\/wp-content\/uploads\/sites\/3\/2023\/05\/cropped-2019-06-STRATO-bloggt-weis.png","contentUrl":"https:\/\/www.strato.se\/blogg\/wp-content\/uploads\/sites\/3\/2023\/05\/cropped-2019-06-STRATO-bloggt-weis.png","width":555,"height":97,"caption":"STRATO Blogg"},"image":{"@id":"https:\/\/www.strato.se\/blogg\/#\/schema\/logo\/image\/"}},{"@type":"Person","@id":"https:\/\/www.strato.se\/blogg\/#\/schema\/person\/1d8f93f8a470cd1b54d677aafa82b1af","name":"Frank Zopp","image":{"@type":"ImageObject","inLanguage":"sv-SE","@id":"https:\/\/www.strato.se\/blogg\/#\/schema\/person\/image\/","url":"https:\/\/www.strato.nl\/blog\/wp-content\/uploads\/sites\/2\/2023\/08\/IMG_0002-11-768x770-1.jpg","contentUrl":"https:\/\/www.strato.nl\/blog\/wp-content\/uploads\/sites\/2\/2023\/08\/IMG_0002-11-768x770-1.jpg","caption":"Frank Zopp"},"description":"Jag \u00e4r presstalesman p\u00e5 STRATO.","url":"https:\/\/www.strato.se\/blogg\/author\/frank\/"}]}},"_links":{"self":[{"href":"https:\/\/www.strato.se\/blogg\/wp-json\/wp\/v2\/posts\/1335","targetHints":{"allow":["GET"]}}],"collection":[{"href":"https:\/\/www.strato.se\/blogg\/wp-json\/wp\/v2\/posts"}],"about":[{"href":"https:\/\/www.strato.se\/blogg\/wp-json\/wp\/v2\/types\/post"}],"author":[{"embeddable":true,"href":"https:\/\/www.strato.se\/blogg\/wp-json\/wp\/v2\/users\/4"}],"replies":[{"embeddable":true,"href":"https:\/\/www.strato.se\/blogg\/wp-json\/wp\/v2\/comments?post=1335"}],"version-history":[{"count":1,"href":"https:\/\/www.strato.se\/blogg\/wp-json\/wp\/v2\/posts\/1335\/revisions"}],"predecessor-version":[{"id":1336,"href":"https:\/\/www.strato.se\/blogg\/wp-json\/wp\/v2\/posts\/1335\/revisions\/1336"}],"wp:featuredmedia":[{"embeddable":true,"href":"https:\/\/www.strato.se\/blogg\/wp-json\/wp\/v2\/media\/1337"}],"wp:attachment":[{"href":"https:\/\/www.strato.se\/blogg\/wp-json\/wp\/v2\/media?parent=1335"}],"wp:term":[{"taxonomy":"category","embeddable":true,"href":"https:\/\/www.strato.se\/blogg\/wp-json\/wp\/v2\/categories?post=1335"},{"taxonomy":"post_tag","embeddable":true,"href":"https:\/\/www.strato.se\/blogg\/wp-json\/wp\/v2\/tags?post=1335"}],"curies":[{"name":"wp","href":"https:\/\/api.w.org\/{rel}","templated":true}]}}