{"id":1338,"date":"2026-03-03T15:33:06","date_gmt":"2026-03-03T14:33:06","guid":{"rendered":"https:\/\/www.strato.se\/blogg\/?p=1338"},"modified":"2026-03-03T15:33:07","modified_gmt":"2026-03-03T14:33:07","slug":"stor-okning-av-svenska-foretag-i-februari","status":"publish","type":"post","link":"https:\/\/www.strato.se\/blogg\/stor-okning-av-svenska-foretag-i-februari\/","title":{"rendered":"Stor \u00f6kning av svenska f\u00f6retag i februari"},"content":{"rendered":"\n<p><strong>Svenskt n\u00e4ringsliv forts\u00e4tter att v\u00e4xa. I februari \u00f6kade antalet f\u00f6retag med 3 957, vilket motsvarar en nettotillv\u00e4xt p\u00e5 0,37 procent j\u00e4mf\u00f6rt med januari. Det visar v\u00e5r senaste sammanst\u00e4llning p\u00e5 <\/strong><a href=\"https:\/\/www.strato.se\/foretagarallsvenskan\/\"><strong>F\u00f6retagarAllsvenskan.se<\/strong><\/a><strong>, baserad p\u00e5 statistik fr\u00e5n Bolagsverket. Samtliga regioner noterade tillv\u00e4xt, med V\u00e4stra G\u00f6taland, Uppsala och Sk\u00e5ne i topp.<\/strong><\/p>\n\n\n\n<p>Efter en positiv inledning p\u00e5 \u00e5ret tog tillv\u00e4xten ytterligare fart under februari. Nettotillv\u00e4xten*, det vill s\u00e4ga antalet nyregistrerade f\u00f6retag minus de som avregistrerats, uppgick till 3 957 f\u00f6retag. Det inneb\u00e4r en \u00f6kning med 0,37 procent j\u00e4mf\u00f6rt med januari.<\/p>\n\n\n\n<p>Utvecklingen visar att m\u00e5nga entrepren\u00f6rer v\u00e4ljer att satsa p\u00e5 sina id\u00e9er och projekt, trots en omv\u00e4rld som pr\u00e4glas av ekonomisk och geopolitisk os\u00e4kerhet. Att fler f\u00f6retag startas och h\u00e5lls aktiva bidrar till att st\u00e4rka Sveriges l\u00e5ngsiktiga tillv\u00e4xt.<\/p>\n\n\n\n<p><strong>Tillv\u00e4xt i hela landet<\/strong><\/p>\n\n\n\n<p>En s\u00e4rskilt positiv signal \u00e4r att samtliga regioner uppvisade tillv\u00e4xt under m\u00e5naden. V\u00e4stra G\u00f6taland \u00f6kade mest med 0,51 procent. D\u00e4refter f\u00f6ljde Uppsala med 0,48 procent och Sk\u00e5ne med 0,45 procent.<\/p>\n\n\n\n<p>\u00c4ven i regioner med l\u00e4gre tillv\u00e4xt, som Halland, V\u00e4sternorrland, J\u00e4mtland och V\u00e4stmanland, \u00f6kade antalet f\u00f6retag. Det visar att entrepren\u00f6rskapet \u00e4r brett f\u00f6rankrat i hela landet.<\/p>\n\n\n\n<p><strong>Entrepren\u00f6rskapets betydelse<\/strong><\/p>\n\n\n\n<p>F\u00f6retagare som v\u00e5gar ta steget fr\u00e5n id\u00e9 till handling skapar inte bara nya m\u00f6jligheter f\u00f6r sig sj\u00e4lva, utan bidrar ocks\u00e5 till syssels\u00e4ttning, innovation och ekonomisk utveckling. Att f\u00f6lja utvecklingen av svenskt f\u00f6retagande ger d\u00e4rf\u00f6r en viktig temperaturm\u00e4tare p\u00e5 n\u00e4ringslivets styrka.<\/p>\n\n\n\n<p>P\u00e5 <a href=\"https:\/\/www.strato.se\/foretagarallsvenskan\/\">F\u00f6retagarAllsvenskan.se<\/a> samlar vi l\u00f6pande statistik och analyser av nettotillv\u00e4xten av f\u00f6retag i Sverige, b\u00e5de p\u00e5 riks-, region- och kommunniv\u00e5.<\/p>\n\n\n\n<p>F\u00f6r dig som funderar p\u00e5 att starta eget kan det vara v\u00e4rdefullt att l\u00e4sa <a href=\"https:\/\/www.strato.se\/blogg\/fem-tips-sa-startar-du-ditt-eget-foretag\">v\u00e5r guide<\/a> om hur du g\u00e5r till v\u00e4ga!<\/p>\n\n\n\n<p>*Det kan f\u00f6rekomma en viss eftersl\u00e4pning av statistiken mellan olika m\u00e5nader. Det kan handla om att f\u00f6retag som avregistrerats kan bak\u00e5tdateras, d\u00e4r exempelvis en konkurs registreras i Bolagsverkets register i juli, men sj\u00e4lva konkursen \u00e4r avslutad i juni. D\u00e5 s\u00e4tts juni sedan som avregistreringsdatum.<\/p>\n","protected":false},"excerpt":{"rendered":"<p>Svenskt n\u00e4ringsliv forts\u00e4tter att v\u00e4xa. I februari \u00f6kade antalet f\u00f6retag med 3 957, vilket motsvarar en nettotillv\u00e4xt p\u00e5 0,37 procent j\u00e4mf\u00f6rt med januari. Det visar v\u00e5r senaste sammanst\u00e4llning p\u00e5 F\u00f6retagarAllsvenskan.se, baserad p\u00e5 statistik fr\u00e5n Bolagsverket. Samtliga regioner noterade tillv\u00e4xt, med V\u00e4stra G\u00f6taland, Uppsala och Sk\u00e5ne i topp. Efter en positiv inledning p\u00e5 \u00e5ret tog tillv\u00e4xten [&hellip;]<\/p>\n","protected":false},"author":4,"featured_media":1334,"comment_status":"closed","ping_status":"closed","sticky":false,"template":"","format":"standard","meta":{"_acf_changed":false,"footnotes":""},"categories":[73,24,21,77],"tags":[],"class_list":["post-1338","post","type-post","status-publish","format-standard","has-post-thumbnail","hentry","category-foretagarallsvenskan","category-foeretagsbildning","category-nettotillvaext","category-undersokning"],"acf":[],"yoast_head":"<!-- This site is optimized with the Yoast SEO plugin v27.1.1 - https:\/\/yoast.com\/product\/yoast-seo-wordpress\/ -->\n<title>Stor \u00f6kning av svenska f\u00f6retag i februari - STRATO Blogg<\/title>\n<meta name=\"robots\" content=\"index, follow, max-snippet:-1, max-image-preview:large, max-video-preview:-1\" \/>\n<link rel=\"canonical\" href=\"https:\/\/www.strato.se\/blogg\/stor-okning-av-svenska-foretag-i-februari\/\" \/>\n<meta property=\"og:locale\" content=\"sv_SE\" \/>\n<meta property=\"og:type\" content=\"article\" \/>\n<meta property=\"og:title\" content=\"Stor \u00f6kning av svenska f\u00f6retag i februari - STRATO Blogg\" \/>\n<meta property=\"og:description\" content=\"Svenskt n\u00e4ringsliv forts\u00e4tter att v\u00e4xa. I februari \u00f6kade antalet f\u00f6retag med 3 957, vilket motsvarar en nettotillv\u00e4xt p\u00e5 0,37 procent j\u00e4mf\u00f6rt med januari. Det visar v\u00e5r senaste sammanst\u00e4llning p\u00e5 F\u00f6retagarAllsvenskan.se, baserad p\u00e5 statistik fr\u00e5n Bolagsverket. Samtliga regioner noterade tillv\u00e4xt, med V\u00e4stra G\u00f6taland, Uppsala och Sk\u00e5ne i topp. Efter en positiv inledning p\u00e5 \u00e5ret tog tillv\u00e4xten [&hellip;]\" \/>\n<meta property=\"og:url\" content=\"https:\/\/www.strato.se\/blogg\/stor-okning-av-svenska-foretag-i-februari\/\" \/>\n<meta property=\"og:site_name\" content=\"STRATO Blogg\" \/>\n<meta property=\"article:published_time\" content=\"2026-03-03T14:33:06+00:00\" \/>\n<meta property=\"article:modified_time\" content=\"2026-03-03T14:33:07+00:00\" \/>\n<meta property=\"og:image\" content=\"https:\/\/www.strato.se\/blogg\/wp-content\/uploads\/sites\/3\/2026\/03\/Gemini_Generated_Image-1024x559.png\" \/>\n\t<meta property=\"og:image:width\" content=\"1024\" \/>\n\t<meta property=\"og:image:height\" content=\"559\" \/>\n\t<meta property=\"og:image:type\" content=\"image\/png\" \/>\n<meta name=\"author\" content=\"Frank Zopp\" \/>\n<meta name=\"twitter:card\" content=\"summary_large_image\" \/>\n<meta name=\"twitter:label1\" content=\"Skriven av\" \/>\n\t<meta name=\"twitter:data1\" content=\"Frank Zopp\" \/>\n\t<meta name=\"twitter:label2\" content=\"Ber\u00e4knad l\u00e4stid\" \/>\n\t<meta name=\"twitter:data2\" content=\"2 minuter\" \/>\n<script type=\"application\/ld+json\" class=\"yoast-schema-graph\">{\"@context\":\"https:\/\/schema.org\",\"@graph\":[{\"@type\":\"Article\",\"@id\":\"https:\/\/www.strato.se\/blogg\/stor-okning-av-svenska-foretag-i-februari\/#article\",\"isPartOf\":{\"@id\":\"https:\/\/www.strato.se\/blogg\/stor-okning-av-svenska-foretag-i-februari\/\"},\"author\":{\"name\":\"Frank Zopp\",\"@id\":\"https:\/\/www.strato.se\/blogg\/#\/schema\/person\/1d8f93f8a470cd1b54d677aafa82b1af\"},\"headline\":\"Stor \u00f6kning av svenska f\u00f6retag i februari\",\"datePublished\":\"2026-03-03T14:33:06+00:00\",\"dateModified\":\"2026-03-03T14:33:07+00:00\",\"mainEntityOfPage\":{\"@id\":\"https:\/\/www.strato.se\/blogg\/stor-okning-av-svenska-foretag-i-februari\/\"},\"wordCount\":395,\"publisher\":{\"@id\":\"https:\/\/www.strato.se\/blogg\/#organization\"},\"image\":{\"@id\":\"https:\/\/www.strato.se\/blogg\/stor-okning-av-svenska-foretag-i-februari\/#primaryimage\"},\"thumbnailUrl\":\"https:\/\/www.strato.se\/blogg\/wp-content\/uploads\/sites\/3\/2026\/03\/Gemini_Generated_Image-scaled.png\",\"articleSection\":[\"F\u00f6retagarAllsvenskan\",\"F\u00f6retagsbildning\",\"Nettotillv\u00e4xt\",\"Unders\u00f6kning\"],\"inLanguage\":\"sv-SE\"},{\"@type\":\"WebPage\",\"@id\":\"https:\/\/www.strato.se\/blogg\/stor-okning-av-svenska-foretag-i-februari\/\",\"url\":\"https:\/\/www.strato.se\/blogg\/stor-okning-av-svenska-foretag-i-februari\/\",\"name\":\"Stor \u00f6kning av svenska f\u00f6retag i februari - STRATO Blogg\",\"isPartOf\":{\"@id\":\"https:\/\/www.strato.se\/blogg\/#website\"},\"primaryImageOfPage\":{\"@id\":\"https:\/\/www.strato.se\/blogg\/stor-okning-av-svenska-foretag-i-februari\/#primaryimage\"},\"image\":{\"@id\":\"https:\/\/www.strato.se\/blogg\/stor-okning-av-svenska-foretag-i-februari\/#primaryimage\"},\"thumbnailUrl\":\"https:\/\/www.strato.se\/blogg\/wp-content\/uploads\/sites\/3\/2026\/03\/Gemini_Generated_Image-scaled.png\",\"datePublished\":\"2026-03-03T14:33:06+00:00\",\"dateModified\":\"2026-03-03T14:33:07+00:00\",\"breadcrumb\":{\"@id\":\"https:\/\/www.strato.se\/blogg\/stor-okning-av-svenska-foretag-i-februari\/#breadcrumb\"},\"inLanguage\":\"sv-SE\",\"potentialAction\":[{\"@type\":\"ReadAction\",\"target\":[\"https:\/\/www.strato.se\/blogg\/stor-okning-av-svenska-foretag-i-februari\/\"]}]},{\"@type\":\"ImageObject\",\"inLanguage\":\"sv-SE\",\"@id\":\"https:\/\/www.strato.se\/blogg\/stor-okning-av-svenska-foretag-i-februari\/#primaryimage\",\"url\":\"https:\/\/www.strato.se\/blogg\/wp-content\/uploads\/sites\/3\/2026\/03\/Gemini_Generated_Image-scaled.png\",\"contentUrl\":\"https:\/\/www.strato.se\/blogg\/wp-content\/uploads\/sites\/3\/2026\/03\/Gemini_Generated_Image-scaled.png\",\"width\":2048,\"height\":1117},{\"@type\":\"BreadcrumbList\",\"@id\":\"https:\/\/www.strato.se\/blogg\/stor-okning-av-svenska-foretag-i-februari\/#breadcrumb\",\"itemListElement\":[{\"@type\":\"ListItem\",\"position\":1,\"name\":\"Home\",\"item\":\"https:\/\/www.strato.se\/blogg\/\"},{\"@type\":\"ListItem\",\"position\":2,\"name\":\"Stor \u00f6kning av svenska f\u00f6retag i februari\"}]},{\"@type\":\"WebSite\",\"@id\":\"https:\/\/www.strato.se\/blogg\/#website\",\"url\":\"https:\/\/www.strato.se\/blogg\/\",\"name\":\"STRATO Blogg\",\"description\":\"\",\"publisher\":{\"@id\":\"https:\/\/www.strato.se\/blogg\/#organization\"},\"potentialAction\":[{\"@type\":\"SearchAction\",\"target\":{\"@type\":\"EntryPoint\",\"urlTemplate\":\"https:\/\/www.strato.se\/blogg\/?s={search_term_string}\"},\"query-input\":{\"@type\":\"PropertyValueSpecification\",\"valueRequired\":true,\"valueName\":\"search_term_string\"}}],\"inLanguage\":\"sv-SE\"},{\"@type\":\"Organization\",\"@id\":\"https:\/\/www.strato.se\/blogg\/#organization\",\"name\":\"STRATO Blogg\",\"url\":\"https:\/\/www.strato.se\/blogg\/\",\"logo\":{\"@type\":\"ImageObject\",\"inLanguage\":\"sv-SE\",\"@id\":\"https:\/\/www.strato.se\/blogg\/#\/schema\/logo\/image\/\",\"url\":\"https:\/\/www.strato.se\/blogg\/wp-content\/uploads\/sites\/3\/2023\/05\/cropped-2019-06-STRATO-bloggt-weis.png\",\"contentUrl\":\"https:\/\/www.strato.se\/blogg\/wp-content\/uploads\/sites\/3\/2023\/05\/cropped-2019-06-STRATO-bloggt-weis.png\",\"width\":555,\"height\":97,\"caption\":\"STRATO Blogg\"},\"image\":{\"@id\":\"https:\/\/www.strato.se\/blogg\/#\/schema\/logo\/image\/\"}},{\"@type\":\"Person\",\"@id\":\"https:\/\/www.strato.se\/blogg\/#\/schema\/person\/1d8f93f8a470cd1b54d677aafa82b1af\",\"name\":\"Frank Zopp\",\"image\":{\"@type\":\"ImageObject\",\"inLanguage\":\"sv-SE\",\"@id\":\"https:\/\/www.strato.se\/blogg\/#\/schema\/person\/image\/\",\"url\":\"https:\/\/www.strato.nl\/blog\/wp-content\/uploads\/sites\/2\/2023\/08\/IMG_0002-11-768x770-1.jpg\",\"contentUrl\":\"https:\/\/www.strato.nl\/blog\/wp-content\/uploads\/sites\/2\/2023\/08\/IMG_0002-11-768x770-1.jpg\",\"caption\":\"Frank Zopp\"},\"description\":\"Jag \u00e4r presstalesman p\u00e5 STRATO.\",\"url\":\"https:\/\/www.strato.se\/blogg\/author\/frank\/\"}]}<\/script>\n<!-- \/ Yoast SEO plugin. -->","yoast_head_json":{"title":"Stor \u00f6kning av svenska f\u00f6retag i februari - STRATO Blogg","robots":{"index":"index","follow":"follow","max-snippet":"max-snippet:-1","max-image-preview":"max-image-preview:large","max-video-preview":"max-video-preview:-1"},"canonical":"https:\/\/www.strato.se\/blogg\/stor-okning-av-svenska-foretag-i-februari\/","og_locale":"sv_SE","og_type":"article","og_title":"Stor \u00f6kning av svenska f\u00f6retag i februari - STRATO Blogg","og_description":"Svenskt n\u00e4ringsliv forts\u00e4tter att v\u00e4xa. I februari \u00f6kade antalet f\u00f6retag med 3 957, vilket motsvarar en nettotillv\u00e4xt p\u00e5 0,37 procent j\u00e4mf\u00f6rt med januari. Det visar v\u00e5r senaste sammanst\u00e4llning p\u00e5 F\u00f6retagarAllsvenskan.se, baserad p\u00e5 statistik fr\u00e5n Bolagsverket. Samtliga regioner noterade tillv\u00e4xt, med V\u00e4stra G\u00f6taland, Uppsala och Sk\u00e5ne i topp. Efter en positiv inledning p\u00e5 \u00e5ret tog tillv\u00e4xten [&hellip;]","og_url":"https:\/\/www.strato.se\/blogg\/stor-okning-av-svenska-foretag-i-februari\/","og_site_name":"STRATO Blogg","article_published_time":"2026-03-03T14:33:06+00:00","article_modified_time":"2026-03-03T14:33:07+00:00","og_image":[{"width":1024,"height":559,"url":"https:\/\/www.strato.se\/blogg\/wp-content\/uploads\/sites\/3\/2026\/03\/Gemini_Generated_Image-1024x559.png","type":"image\/png"}],"author":"Frank Zopp","twitter_card":"summary_large_image","twitter_misc":{"Skriven av":"Frank Zopp","Ber\u00e4knad l\u00e4stid":"2 minuter"},"schema":{"@context":"https:\/\/schema.org","@graph":[{"@type":"Article","@id":"https:\/\/www.strato.se\/blogg\/stor-okning-av-svenska-foretag-i-februari\/#article","isPartOf":{"@id":"https:\/\/www.strato.se\/blogg\/stor-okning-av-svenska-foretag-i-februari\/"},"author":{"name":"Frank Zopp","@id":"https:\/\/www.strato.se\/blogg\/#\/schema\/person\/1d8f93f8a470cd1b54d677aafa82b1af"},"headline":"Stor \u00f6kning av svenska f\u00f6retag i februari","datePublished":"2026-03-03T14:33:06+00:00","dateModified":"2026-03-03T14:33:07+00:00","mainEntityOfPage":{"@id":"https:\/\/www.strato.se\/blogg\/stor-okning-av-svenska-foretag-i-februari\/"},"wordCount":395,"publisher":{"@id":"https:\/\/www.strato.se\/blogg\/#organization"},"image":{"@id":"https:\/\/www.strato.se\/blogg\/stor-okning-av-svenska-foretag-i-februari\/#primaryimage"},"thumbnailUrl":"https:\/\/www.strato.se\/blogg\/wp-content\/uploads\/sites\/3\/2026\/03\/Gemini_Generated_Image-scaled.png","articleSection":["F\u00f6retagarAllsvenskan","F\u00f6retagsbildning","Nettotillv\u00e4xt","Unders\u00f6kning"],"inLanguage":"sv-SE"},{"@type":"WebPage","@id":"https:\/\/www.strato.se\/blogg\/stor-okning-av-svenska-foretag-i-februari\/","url":"https:\/\/www.strato.se\/blogg\/stor-okning-av-svenska-foretag-i-februari\/","name":"Stor \u00f6kning av svenska f\u00f6retag i februari - STRATO Blogg","isPartOf":{"@id":"https:\/\/www.strato.se\/blogg\/#website"},"primaryImageOfPage":{"@id":"https:\/\/www.strato.se\/blogg\/stor-okning-av-svenska-foretag-i-februari\/#primaryimage"},"image":{"@id":"https:\/\/www.strato.se\/blogg\/stor-okning-av-svenska-foretag-i-februari\/#primaryimage"},"thumbnailUrl":"https:\/\/www.strato.se\/blogg\/wp-content\/uploads\/sites\/3\/2026\/03\/Gemini_Generated_Image-scaled.png","datePublished":"2026-03-03T14:33:06+00:00","dateModified":"2026-03-03T14:33:07+00:00","breadcrumb":{"@id":"https:\/\/www.strato.se\/blogg\/stor-okning-av-svenska-foretag-i-februari\/#breadcrumb"},"inLanguage":"sv-SE","potentialAction":[{"@type":"ReadAction","target":["https:\/\/www.strato.se\/blogg\/stor-okning-av-svenska-foretag-i-februari\/"]}]},{"@type":"ImageObject","inLanguage":"sv-SE","@id":"https:\/\/www.strato.se\/blogg\/stor-okning-av-svenska-foretag-i-februari\/#primaryimage","url":"https:\/\/www.strato.se\/blogg\/wp-content\/uploads\/sites\/3\/2026\/03\/Gemini_Generated_Image-scaled.png","contentUrl":"https:\/\/www.strato.se\/blogg\/wp-content\/uploads\/sites\/3\/2026\/03\/Gemini_Generated_Image-scaled.png","width":2048,"height":1117},{"@type":"BreadcrumbList","@id":"https:\/\/www.strato.se\/blogg\/stor-okning-av-svenska-foretag-i-februari\/#breadcrumb","itemListElement":[{"@type":"ListItem","position":1,"name":"Home","item":"https:\/\/www.strato.se\/blogg\/"},{"@type":"ListItem","position":2,"name":"Stor \u00f6kning av svenska f\u00f6retag i februari"}]},{"@type":"WebSite","@id":"https:\/\/www.strato.se\/blogg\/#website","url":"https:\/\/www.strato.se\/blogg\/","name":"STRATO Blogg","description":"","publisher":{"@id":"https:\/\/www.strato.se\/blogg\/#organization"},"potentialAction":[{"@type":"SearchAction","target":{"@type":"EntryPoint","urlTemplate":"https:\/\/www.strato.se\/blogg\/?s={search_term_string}"},"query-input":{"@type":"PropertyValueSpecification","valueRequired":true,"valueName":"search_term_string"}}],"inLanguage":"sv-SE"},{"@type":"Organization","@id":"https:\/\/www.strato.se\/blogg\/#organization","name":"STRATO Blogg","url":"https:\/\/www.strato.se\/blogg\/","logo":{"@type":"ImageObject","inLanguage":"sv-SE","@id":"https:\/\/www.strato.se\/blogg\/#\/schema\/logo\/image\/","url":"https:\/\/www.strato.se\/blogg\/wp-content\/uploads\/sites\/3\/2023\/05\/cropped-2019-06-STRATO-bloggt-weis.png","contentUrl":"https:\/\/www.strato.se\/blogg\/wp-content\/uploads\/sites\/3\/2023\/05\/cropped-2019-06-STRATO-bloggt-weis.png","width":555,"height":97,"caption":"STRATO Blogg"},"image":{"@id":"https:\/\/www.strato.se\/blogg\/#\/schema\/logo\/image\/"}},{"@type":"Person","@id":"https:\/\/www.strato.se\/blogg\/#\/schema\/person\/1d8f93f8a470cd1b54d677aafa82b1af","name":"Frank Zopp","image":{"@type":"ImageObject","inLanguage":"sv-SE","@id":"https:\/\/www.strato.se\/blogg\/#\/schema\/person\/image\/","url":"https:\/\/www.strato.nl\/blog\/wp-content\/uploads\/sites\/2\/2023\/08\/IMG_0002-11-768x770-1.jpg","contentUrl":"https:\/\/www.strato.nl\/blog\/wp-content\/uploads\/sites\/2\/2023\/08\/IMG_0002-11-768x770-1.jpg","caption":"Frank Zopp"},"description":"Jag \u00e4r presstalesman p\u00e5 STRATO.","url":"https:\/\/www.strato.se\/blogg\/author\/frank\/"}]}},"_links":{"self":[{"href":"https:\/\/www.strato.se\/blogg\/wp-json\/wp\/v2\/posts\/1338","targetHints":{"allow":["GET"]}}],"collection":[{"href":"https:\/\/www.strato.se\/blogg\/wp-json\/wp\/v2\/posts"}],"about":[{"href":"https:\/\/www.strato.se\/blogg\/wp-json\/wp\/v2\/types\/post"}],"author":[{"embeddable":true,"href":"https:\/\/www.strato.se\/blogg\/wp-json\/wp\/v2\/users\/4"}],"replies":[{"embeddable":true,"href":"https:\/\/www.strato.se\/blogg\/wp-json\/wp\/v2\/comments?post=1338"}],"version-history":[{"count":1,"href":"https:\/\/www.strato.se\/blogg\/wp-json\/wp\/v2\/posts\/1338\/revisions"}],"predecessor-version":[{"id":1339,"href":"https:\/\/www.strato.se\/blogg\/wp-json\/wp\/v2\/posts\/1338\/revisions\/1339"}],"wp:featuredmedia":[{"embeddable":true,"href":"https:\/\/www.strato.se\/blogg\/wp-json\/wp\/v2\/media\/1334"}],"wp:attachment":[{"href":"https:\/\/www.strato.se\/blogg\/wp-json\/wp\/v2\/media?parent=1338"}],"wp:term":[{"taxonomy":"category","embeddable":true,"href":"https:\/\/www.strato.se\/blogg\/wp-json\/wp\/v2\/categories?post=1338"},{"taxonomy":"post_tag","embeddable":true,"href":"https:\/\/www.strato.se\/blogg\/wp-json\/wp\/v2\/tags?post=1338"}],"curies":[{"name":"wp","href":"https:\/\/api.w.org\/{rel}","templated":true}]}}