{"id":388,"date":"2023-07-13T14:46:47","date_gmt":"2023-07-13T12:46:47","guid":{"rendered":"https:\/\/www.strato.se\/blogg\/?p=388"},"modified":"2025-05-05T10:51:28","modified_gmt":"2025-05-05T08:51:28","slug":"sifo-undersokning-var-femte-mote-kunde-ha-varit-ett-mejl","status":"publish","type":"post","link":"https:\/\/www.strato.se\/blogg\/sifo-undersokning-var-femte-mote-kunde-ha-varit-ett-mejl\/","title":{"rendered":"Sifo-unders\u00f6kning: Var femte m\u00f6te kunde ha varit ett mejl"},"content":{"rendered":"\n<p><strong>E-post, med \u00f6ver 30 \u00e5r p\u00e5 nacken, forts\u00e4tter att dominera som det viktigaste kommunikationsverktyget p\u00e5 jobbet enligt tv\u00e5 av tre svarande. Dessutom kan det ers\u00e4tta var femte m\u00f6te, tycker svenska folket i genomsnitt enligt en unders\u00f6kning vi p\u00e5 STRATO gjort tillsammans med Sifo.&nbsp;<\/strong><\/p>\n\n\n\n<p>Vi p\u00e5 STRATO har tillsammans med unders\u00f6kningsf\u00f6retaget Sifo unders\u00f6kt svenskarnas upplevelser av kommunikationsverktyg i arbetet. Unders\u00f6kningen visar att tv\u00e5 tredjedelar (66 %) rankar mejl som det viktigaste kommunikationss\u00e4ttet, vilket g\u00f6r att mejl rankas som viktigare \u00e4n s\u00e5v\u00e4l fysiska m\u00f6ten, videom\u00f6ten, meddelandetj\u00e4nster och telefonsamtal.<\/p>\n\n\n\n<p>I dagens snabbr\u00f6rliga arbetsmilj\u00f6 \u00e4r tiden en avg\u00f6rande resurs och m\u00e5nga upplever att traditionella m\u00f6ten kan vara ineffektiva och tidskr\u00e4vande. Ibland g\u00e5r det helt enkelt att uttrycka sig tydligare och mer k\u00e4rnfullt i exempelvis ett mejl.<\/p>\n\n\n\n<p>Unders\u00f6kningen visar detta tydligt. I genomsnitt anger respondenterna att var femte fysiskt m\u00f6te de i dagsl\u00e4get har skulle kunna vara ett mejl ist\u00e4llet. 18 procent anser att man kan ers\u00e4tta hela h\u00e4lften, eller fler, av alla m\u00f6ten med mejl.<\/p>\n\n\n\n<div class=\"wp-block-group\"><div class=\"wp-block-group__inner-container is-layout-constrained wp-block-group-is-layout-constrained\">\n<div class=\"wp-block-columns is-layout-flex wp-container-core-columns-is-layout-9d6595d7 wp-block-columns-is-layout-flex\">\n<div class=\"wp-block-column is-layout-flow wp-block-column-is-layout-flow\" style=\"flex-basis:100%\">\n<div class=\"wp-block-group\"><div class=\"wp-block-group__inner-container is-layout-constrained wp-block-group-is-layout-constrained\">\n<figure class=\"wp-block-gallery has-nested-images columns-default is-cropped wp-block-gallery-1 is-layout-flex wp-block-gallery-is-layout-flex\">\n<figure class=\"wp-block-image size-large\"><img loading=\"lazy\" decoding=\"async\" width=\"1024\" height=\"640\" data-id=\"395\" src=\"\/blogg\/wp-content\/uploads\/sites\/3\/2023\/07\/Hur-manga-av-de-moten-som-du-deltar-i-under-en-genomsnittlig-vecka-kan-enligt-dig-ersattas-av-ett-mejl-1024x640.png\" alt=\"Graf: Var femte m\u00f6te kan vara ett mejl\" class=\"wp-image-395\" srcset=\"https:\/\/www.strato.se\/blogg\/wp-content\/uploads\/sites\/3\/2023\/07\/Hur-manga-av-de-moten-som-du-deltar-i-under-en-genomsnittlig-vecka-kan-enligt-dig-ersattas-av-ett-mejl-1024x640.png 1024w, https:\/\/www.strato.se\/blogg\/wp-content\/uploads\/sites\/3\/2023\/07\/Hur-manga-av-de-moten-som-du-deltar-i-under-en-genomsnittlig-vecka-kan-enligt-dig-ersattas-av-ett-mejl-728x455.png 728w, https:\/\/www.strato.se\/blogg\/wp-content\/uploads\/sites\/3\/2023\/07\/Hur-manga-av-de-moten-som-du-deltar-i-under-en-genomsnittlig-vecka-kan-enligt-dig-ersattas-av-ett-mejl-768x480.png 768w, https:\/\/www.strato.se\/blogg\/wp-content\/uploads\/sites\/3\/2023\/07\/Hur-manga-av-de-moten-som-du-deltar-i-under-en-genomsnittlig-vecka-kan-enligt-dig-ersattas-av-ett-mejl-1536x960.png 1536w, https:\/\/www.strato.se\/blogg\/wp-content\/uploads\/sites\/3\/2023\/07\/Hur-manga-av-de-moten-som-du-deltar-i-under-en-genomsnittlig-vecka-kan-enligt-dig-ersattas-av-ett-mejl.png 1920w\" sizes=\"auto, (max-width: 1024px) 100vw, 1024px\" \/><\/figure>\n<\/figure>\n<\/div><\/div>\n<\/div>\n<\/div>\n<\/div><\/div>\n\n\n\n<h2 class=\"wp-block-heading\" id=\"h-mejl-viktigaste-kommunikationssattet\"><strong>Mejl viktigaste kommunikationss\u00e4ttet<\/strong><\/h2>\n\n\n\n<p>Under pandemin vande sig m\u00e5nga vid att sitta i videom\u00f6ten och det \u00e4r fortfarande vanligt f\u00f6rekommande p\u00e5 de flesta arbetsplatser. Men trots det och andra moderna kommunikationsverktyg som Whatsapp, Teams, Messenger och Slack st\u00e5r den trettio \u00e5r gamla mejlen h\u00f6gst upp p\u00e5 tronen enligt unders\u00f6kningen. N\u00e4r de tillfr\u00e5gade f\u00e5r v\u00e4lja favorits\u00e4tt att kommunicera p\u00e5 v\u00e4ljer hela tv\u00e5 tredjedelar (66 %) mejl som det viktigaste kommunikationss\u00e4ttet, fysiska m\u00f6ten v\u00e4ljs av 55 procent och telefonsamtal av 40 procent.<\/p>\n\n\n\n<figure class=\"wp-block-image size-large\"><img loading=\"lazy\" decoding=\"async\" width=\"1024\" height=\"594\" src=\"\/blogg\/wp-content\/uploads\/sites\/3\/2023\/07\/Vilka-av-foljande-ar-ditt-viktigaste-kommunikationsverktyg-pa-jobbet_v2-1-1024x594.png\" alt=\"Graf: Tv\u00e5 tredjedelar v\u00e4ljer mejl som det viktigaste komunikationss\u00e4ttet\" class=\"wp-image-406\" srcset=\"https:\/\/www.strato.se\/blogg\/wp-content\/uploads\/sites\/3\/2023\/07\/Vilka-av-foljande-ar-ditt-viktigaste-kommunikationsverktyg-pa-jobbet_v2-1-1024x594.png 1024w, https:\/\/www.strato.se\/blogg\/wp-content\/uploads\/sites\/3\/2023\/07\/Vilka-av-foljande-ar-ditt-viktigaste-kommunikationsverktyg-pa-jobbet_v2-1-728x422.png 728w, https:\/\/www.strato.se\/blogg\/wp-content\/uploads\/sites\/3\/2023\/07\/Vilka-av-foljande-ar-ditt-viktigaste-kommunikationsverktyg-pa-jobbet_v2-1-768x445.png 768w, https:\/\/www.strato.se\/blogg\/wp-content\/uploads\/sites\/3\/2023\/07\/Vilka-av-foljande-ar-ditt-viktigaste-kommunikationsverktyg-pa-jobbet_v2-1-1536x890.png 1536w, https:\/\/www.strato.se\/blogg\/wp-content\/uploads\/sites\/3\/2023\/07\/Vilka-av-foljande-ar-ditt-viktigaste-kommunikationsverktyg-pa-jobbet_v2-1-2048x1187.png 2048w\" sizes=\"auto, (max-width: 1024px) 100vw, 1024px\" \/><\/figure>\n\n\n\n<p><br><\/p>\n\n\n\n<p>Men att formulera sig passande via mejl verkar \u00e4nd\u00e5 inte vara helt l\u00e4tt. 69 % s\u00e4ger att de har sv\u00e5rt att anv\u00e4nda l\u00e4mpliga formuleringar i mejl och 9 av 10 st\u00f6r sig p\u00e5 n\u00e5got i de mejl de f\u00e5r.<\/p>\n\n\n\n<p><\/p>\n\n\n\n<figure class=\"wp-block-image size-large\"><img loading=\"lazy\" decoding=\"async\" width=\"1024\" height=\"640\" src=\"\/blogg\/wp-content\/uploads\/sites\/3\/2023\/07\/STRATO_lampliga-formuleringar-1-1-1024x640.png\" alt=\"Graf: 7 av 10 tycker det ibland \u00e4r sv\u00e5rt att anv\u00e4da l\u00e4mpliga formuleringar i mejl\" class=\"wp-image-408\" srcset=\"https:\/\/www.strato.se\/blogg\/wp-content\/uploads\/sites\/3\/2023\/07\/STRATO_lampliga-formuleringar-1-1-1024x640.png 1024w, https:\/\/www.strato.se\/blogg\/wp-content\/uploads\/sites\/3\/2023\/07\/STRATO_lampliga-formuleringar-1-1-728x455.png 728w, https:\/\/www.strato.se\/blogg\/wp-content\/uploads\/sites\/3\/2023\/07\/STRATO_lampliga-formuleringar-1-1-768x480.png 768w, https:\/\/www.strato.se\/blogg\/wp-content\/uploads\/sites\/3\/2023\/07\/STRATO_lampliga-formuleringar-1-1-1536x960.png 1536w, https:\/\/www.strato.se\/blogg\/wp-content\/uploads\/sites\/3\/2023\/07\/STRATO_lampliga-formuleringar-1-1-2048x1280.png 2048w\" sizes=\"auto, (max-width: 1024px) 100vw, 1024px\" \/><\/figure>\n\n\n\n<p><\/p>\n\n\n\n<h2 class=\"wp-block-heading\" id=\"h-bristfallig-grammatik-stor\">Bristf\u00e4llig grammatik st\u00f6r<\/h2>\n\n\n\n<p>Det som st\u00f6r folk mest \u00e4r stavfel och d\u00e5lig grammatik, det lyfts fram av 59 procent av de tillfr\u00e5gade. \u00c4ven sena svar (44 %) och text i versaler (42 %) ger upphov till irritation.<\/p>\n\n\n\n<p><\/p>\n\n\n\n<figure class=\"wp-block-image size-large\"><img loading=\"lazy\" decoding=\"async\" width=\"1024\" height=\"640\" src=\"\/blogg\/wp-content\/uploads\/sites\/3\/2023\/07\/STRATO_stor-sig-pa-mail-2-1-1024x640.png\" alt=\"9 av 10 st\u00f6r sig p\u00e5 inneh\u00e5ll i mejl - stavfel och bristande grammatik i topp\" class=\"wp-image-403\" srcset=\"https:\/\/www.strato.se\/blogg\/wp-content\/uploads\/sites\/3\/2023\/07\/STRATO_stor-sig-pa-mail-2-1-1024x640.png 1024w, https:\/\/www.strato.se\/blogg\/wp-content\/uploads\/sites\/3\/2023\/07\/STRATO_stor-sig-pa-mail-2-1-728x455.png 728w, https:\/\/www.strato.se\/blogg\/wp-content\/uploads\/sites\/3\/2023\/07\/STRATO_stor-sig-pa-mail-2-1-768x480.png 768w, https:\/\/www.strato.se\/blogg\/wp-content\/uploads\/sites\/3\/2023\/07\/STRATO_stor-sig-pa-mail-2-1-1536x960.png 1536w, https:\/\/www.strato.se\/blogg\/wp-content\/uploads\/sites\/3\/2023\/07\/STRATO_stor-sig-pa-mail-2-1-2048x1280.png 2048w\" sizes=\"auto, (max-width: 1024px) 100vw, 1024px\" \/><\/figure>\n\n\n\n<h2 class=\"wp-block-heading\" id=\"h-\"><\/h2>\n\n\n\n<p>Vill du ha en mailadress under en egent dom\u00e4n? STRATO E-post erbjuder tre olika paket f\u00f6r anv\u00e4ndare; fr\u00e5n basic till avancerad. L\u00e4s mer h\u00e4r och kom ig\u00e5ng med din egen e-post h\u00e4r:&nbsp;<a href=\"https:\/\/www.strato.se\/e-post\/\">https:\/\/www.strato.se\/e-post\/<\/a><\/p>\n\n\n\n<p> <\/p>\n\n\n\n<p> <\/p>\n","protected":false},"excerpt":{"rendered":"<p>E-post, med \u00f6ver 30 \u00e5r p\u00e5 nacken, forts\u00e4tter att dominera som det viktigaste kommunikationsverktyget p\u00e5 jobbet enligt tv\u00e5 av tre svarande. Dessutom kan det ers\u00e4tta var femte m\u00f6te, tycker svenska folket i genomsnitt enligt en unders\u00f6kning vi p\u00e5 STRATO gjort tillsammans med Sifo.&nbsp; Vi p\u00e5 STRATO har tillsammans med unders\u00f6kningsf\u00f6retaget Sifo unders\u00f6kt svenskarnas upplevelser av [&hellip;]<\/p>\n","protected":false},"author":4,"featured_media":595,"comment_status":"closed","ping_status":"closed","sticky":false,"template":"","format":"standard","meta":{"_acf_changed":false,"footnotes":""},"categories":[2,4,24,13],"tags":[41,49],"class_list":["post-388","post","type-post","status-publish","format-standard","has-post-thumbnail","hentry","category-doman-e-post","category-e-post","category-foeretagsbildning","category-stories","tag-e-post","tag-undersokning"],"acf":[],"yoast_head":"<!-- This site is optimized with the Yoast SEO plugin v27.1.1 - https:\/\/yoast.com\/product\/yoast-seo-wordpress\/ -->\n<title>Sifo-unders\u00f6kning: Var femte m\u00f6te kunde ha varit ett mejl - STRATO Blogg<\/title>\n<meta name=\"description\" content=\"Vad \u00e4r svenskarnas upplevelser kring kommunikation p\u00e5 jobbet? STRATO har unders\u00f6kt tillsammans med Sifo. L\u00e4s alla resultat h\u00e4r.\" \/>\n<meta name=\"robots\" content=\"index, follow, max-snippet:-1, max-image-preview:large, max-video-preview:-1\" \/>\n<link rel=\"canonical\" href=\"https:\/\/www.strato.se\/blogg\/sifo-undersokning-var-femte-mote-kunde-ha-varit-ett-mejl\/\" \/>\n<meta property=\"og:locale\" content=\"sv_SE\" \/>\n<meta property=\"og:type\" content=\"article\" \/>\n<meta property=\"og:title\" content=\"Sifo-unders\u00f6kning: Var femte m\u00f6te kunde ha varit ett mejl - STRATO Blogg\" \/>\n<meta property=\"og:description\" content=\"Vad \u00e4r svenskarnas upplevelser kring kommunikation p\u00e5 jobbet? STRATO har unders\u00f6kt tillsammans med Sifo. L\u00e4s alla resultat h\u00e4r.\" \/>\n<meta property=\"og:url\" content=\"https:\/\/www.strato.se\/blogg\/sifo-undersokning-var-femte-mote-kunde-ha-varit-ett-mejl\/\" \/>\n<meta property=\"og:site_name\" content=\"STRATO Blogg\" \/>\n<meta property=\"article:published_time\" content=\"2023-07-13T12:46:47+00:00\" \/>\n<meta property=\"article:modified_time\" content=\"2025-05-05T08:51:28+00:00\" \/>\n<meta property=\"og:image\" content=\"https:\/\/www.strato.se\/blogg\/wp-content\/uploads\/sites\/3\/2023\/07\/image-2023-07-13T144401.096-1.jpg\" \/>\n\t<meta property=\"og:image:width\" content=\"540\" \/>\n\t<meta property=\"og:image:height\" content=\"359\" \/>\n\t<meta property=\"og:image:type\" content=\"image\/jpeg\" \/>\n<meta name=\"author\" content=\"Frank Zopp\" \/>\n<meta name=\"twitter:card\" content=\"summary_large_image\" \/>\n<meta name=\"twitter:label1\" content=\"Skriven av\" \/>\n\t<meta name=\"twitter:data1\" content=\"Frank Zopp\" \/>\n\t<meta name=\"twitter:label2\" content=\"Ber\u00e4knad l\u00e4stid\" \/>\n\t<meta name=\"twitter:data2\" content=\"3 minuter\" \/>\n<script type=\"application\/ld+json\" class=\"yoast-schema-graph\">{\"@context\":\"https:\/\/schema.org\",\"@graph\":[{\"@type\":\"Article\",\"@id\":\"https:\/\/www.strato.se\/blogg\/sifo-undersokning-var-femte-mote-kunde-ha-varit-ett-mejl\/#article\",\"isPartOf\":{\"@id\":\"https:\/\/www.strato.se\/blogg\/sifo-undersokning-var-femte-mote-kunde-ha-varit-ett-mejl\/\"},\"author\":{\"name\":\"Frank Zopp\",\"@id\":\"https:\/\/www.strato.se\/blogg\/#\/schema\/person\/1d8f93f8a470cd1b54d677aafa82b1af\"},\"headline\":\"Sifo-unders\u00f6kning: Var femte m\u00f6te kunde ha varit ett mejl\",\"datePublished\":\"2023-07-13T12:46:47+00:00\",\"dateModified\":\"2025-05-05T08:51:28+00:00\",\"mainEntityOfPage\":{\"@id\":\"https:\/\/www.strato.se\/blogg\/sifo-undersokning-var-femte-mote-kunde-ha-varit-ett-mejl\/\"},\"wordCount\":415,\"publisher\":{\"@id\":\"https:\/\/www.strato.se\/blogg\/#organization\"},\"image\":{\"@id\":\"https:\/\/www.strato.se\/blogg\/sifo-undersokning-var-femte-mote-kunde-ha-varit-ett-mejl\/#primaryimage\"},\"thumbnailUrl\":\"https:\/\/www.strato.se\/blogg\/wp-content\/uploads\/sites\/3\/2023\/07\/image-2023-07-13T144401.096-1.jpg\",\"keywords\":[\"E-post\",\"Unders\u00f6kning\"],\"articleSection\":[\"Dom\u00e4n &amp; E-post\",\"E-post\",\"F\u00f6retagsbildning\",\"Stories\"],\"inLanguage\":\"sv-SE\"},{\"@type\":\"WebPage\",\"@id\":\"https:\/\/www.strato.se\/blogg\/sifo-undersokning-var-femte-mote-kunde-ha-varit-ett-mejl\/\",\"url\":\"https:\/\/www.strato.se\/blogg\/sifo-undersokning-var-femte-mote-kunde-ha-varit-ett-mejl\/\",\"name\":\"Sifo-unders\u00f6kning: Var femte m\u00f6te kunde ha varit ett mejl - STRATO Blogg\",\"isPartOf\":{\"@id\":\"https:\/\/www.strato.se\/blogg\/#website\"},\"primaryImageOfPage\":{\"@id\":\"https:\/\/www.strato.se\/blogg\/sifo-undersokning-var-femte-mote-kunde-ha-varit-ett-mejl\/#primaryimage\"},\"image\":{\"@id\":\"https:\/\/www.strato.se\/blogg\/sifo-undersokning-var-femte-mote-kunde-ha-varit-ett-mejl\/#primaryimage\"},\"thumbnailUrl\":\"https:\/\/www.strato.se\/blogg\/wp-content\/uploads\/sites\/3\/2023\/07\/image-2023-07-13T144401.096-1.jpg\",\"datePublished\":\"2023-07-13T12:46:47+00:00\",\"dateModified\":\"2025-05-05T08:51:28+00:00\",\"description\":\"Vad \u00e4r svenskarnas upplevelser kring kommunikation p\u00e5 jobbet? STRATO har unders\u00f6kt tillsammans med Sifo. L\u00e4s alla resultat h\u00e4r.\",\"breadcrumb\":{\"@id\":\"https:\/\/www.strato.se\/blogg\/sifo-undersokning-var-femte-mote-kunde-ha-varit-ett-mejl\/#breadcrumb\"},\"inLanguage\":\"sv-SE\",\"potentialAction\":[{\"@type\":\"ReadAction\",\"target\":[\"https:\/\/www.strato.se\/blogg\/sifo-undersokning-var-femte-mote-kunde-ha-varit-ett-mejl\/\"]}]},{\"@type\":\"ImageObject\",\"inLanguage\":\"sv-SE\",\"@id\":\"https:\/\/www.strato.se\/blogg\/sifo-undersokning-var-femte-mote-kunde-ha-varit-ett-mejl\/#primaryimage\",\"url\":\"https:\/\/www.strato.se\/blogg\/wp-content\/uploads\/sites\/3\/2023\/07\/image-2023-07-13T144401.096-1.jpg\",\"contentUrl\":\"https:\/\/www.strato.se\/blogg\/wp-content\/uploads\/sites\/3\/2023\/07\/image-2023-07-13T144401.096-1.jpg\",\"width\":540,\"height\":359,\"caption\":\"Hand knappar p\u00e5 b\u00e4rbar dator, e-postmeddelanden flyger\"},{\"@type\":\"BreadcrumbList\",\"@id\":\"https:\/\/www.strato.se\/blogg\/sifo-undersokning-var-femte-mote-kunde-ha-varit-ett-mejl\/#breadcrumb\",\"itemListElement\":[{\"@type\":\"ListItem\",\"position\":1,\"name\":\"Home\",\"item\":\"https:\/\/www.strato.se\/blogg\/\"},{\"@type\":\"ListItem\",\"position\":2,\"name\":\"Sifo-unders\u00f6kning: Var femte m\u00f6te kunde ha varit ett mejl\"}]},{\"@type\":\"WebSite\",\"@id\":\"https:\/\/www.strato.se\/blogg\/#website\",\"url\":\"https:\/\/www.strato.se\/blogg\/\",\"name\":\"STRATO Blogg\",\"description\":\"\",\"publisher\":{\"@id\":\"https:\/\/www.strato.se\/blogg\/#organization\"},\"potentialAction\":[{\"@type\":\"SearchAction\",\"target\":{\"@type\":\"EntryPoint\",\"urlTemplate\":\"https:\/\/www.strato.se\/blogg\/?s={search_term_string}\"},\"query-input\":{\"@type\":\"PropertyValueSpecification\",\"valueRequired\":true,\"valueName\":\"search_term_string\"}}],\"inLanguage\":\"sv-SE\"},{\"@type\":\"Organization\",\"@id\":\"https:\/\/www.strato.se\/blogg\/#organization\",\"name\":\"STRATO Blogg\",\"url\":\"https:\/\/www.strato.se\/blogg\/\",\"logo\":{\"@type\":\"ImageObject\",\"inLanguage\":\"sv-SE\",\"@id\":\"https:\/\/www.strato.se\/blogg\/#\/schema\/logo\/image\/\",\"url\":\"https:\/\/www.strato.se\/blogg\/wp-content\/uploads\/sites\/3\/2023\/05\/cropped-2019-06-STRATO-bloggt-weis.png\",\"contentUrl\":\"https:\/\/www.strato.se\/blogg\/wp-content\/uploads\/sites\/3\/2023\/05\/cropped-2019-06-STRATO-bloggt-weis.png\",\"width\":555,\"height\":97,\"caption\":\"STRATO Blogg\"},\"image\":{\"@id\":\"https:\/\/www.strato.se\/blogg\/#\/schema\/logo\/image\/\"}},{\"@type\":\"Person\",\"@id\":\"https:\/\/www.strato.se\/blogg\/#\/schema\/person\/1d8f93f8a470cd1b54d677aafa82b1af\",\"name\":\"Frank Zopp\",\"image\":{\"@type\":\"ImageObject\",\"inLanguage\":\"sv-SE\",\"@id\":\"https:\/\/www.strato.se\/blogg\/#\/schema\/person\/image\/\",\"url\":\"https:\/\/www.strato.nl\/blog\/wp-content\/uploads\/sites\/2\/2023\/08\/IMG_0002-11-768x770-1.jpg\",\"contentUrl\":\"https:\/\/www.strato.nl\/blog\/wp-content\/uploads\/sites\/2\/2023\/08\/IMG_0002-11-768x770-1.jpg\",\"caption\":\"Frank Zopp\"},\"description\":\"Jag \u00e4r presstalesman p\u00e5 STRATO.\",\"url\":\"https:\/\/www.strato.se\/blogg\/author\/frank\/\"}]}<\/script>\n<!-- \/ Yoast SEO plugin. -->","yoast_head_json":{"title":"Sifo-unders\u00f6kning: Var femte m\u00f6te kunde ha varit ett mejl - STRATO Blogg","description":"Vad \u00e4r svenskarnas upplevelser kring kommunikation p\u00e5 jobbet? STRATO har unders\u00f6kt tillsammans med Sifo. L\u00e4s alla resultat h\u00e4r.","robots":{"index":"index","follow":"follow","max-snippet":"max-snippet:-1","max-image-preview":"max-image-preview:large","max-video-preview":"max-video-preview:-1"},"canonical":"https:\/\/www.strato.se\/blogg\/sifo-undersokning-var-femte-mote-kunde-ha-varit-ett-mejl\/","og_locale":"sv_SE","og_type":"article","og_title":"Sifo-unders\u00f6kning: Var femte m\u00f6te kunde ha varit ett mejl - STRATO Blogg","og_description":"Vad \u00e4r svenskarnas upplevelser kring kommunikation p\u00e5 jobbet? STRATO har unders\u00f6kt tillsammans med Sifo. L\u00e4s alla resultat h\u00e4r.","og_url":"https:\/\/www.strato.se\/blogg\/sifo-undersokning-var-femte-mote-kunde-ha-varit-ett-mejl\/","og_site_name":"STRATO Blogg","article_published_time":"2023-07-13T12:46:47+00:00","article_modified_time":"2025-05-05T08:51:28+00:00","og_image":[{"width":540,"height":359,"url":"https:\/\/www.strato.se\/blogg\/wp-content\/uploads\/sites\/3\/2023\/07\/image-2023-07-13T144401.096-1.jpg","type":"image\/jpeg"}],"author":"Frank Zopp","twitter_card":"summary_large_image","twitter_misc":{"Skriven av":"Frank Zopp","Ber\u00e4knad l\u00e4stid":"3 minuter"},"schema":{"@context":"https:\/\/schema.org","@graph":[{"@type":"Article","@id":"https:\/\/www.strato.se\/blogg\/sifo-undersokning-var-femte-mote-kunde-ha-varit-ett-mejl\/#article","isPartOf":{"@id":"https:\/\/www.strato.se\/blogg\/sifo-undersokning-var-femte-mote-kunde-ha-varit-ett-mejl\/"},"author":{"name":"Frank Zopp","@id":"https:\/\/www.strato.se\/blogg\/#\/schema\/person\/1d8f93f8a470cd1b54d677aafa82b1af"},"headline":"Sifo-unders\u00f6kning: Var femte m\u00f6te kunde ha varit ett mejl","datePublished":"2023-07-13T12:46:47+00:00","dateModified":"2025-05-05T08:51:28+00:00","mainEntityOfPage":{"@id":"https:\/\/www.strato.se\/blogg\/sifo-undersokning-var-femte-mote-kunde-ha-varit-ett-mejl\/"},"wordCount":415,"publisher":{"@id":"https:\/\/www.strato.se\/blogg\/#organization"},"image":{"@id":"https:\/\/www.strato.se\/blogg\/sifo-undersokning-var-femte-mote-kunde-ha-varit-ett-mejl\/#primaryimage"},"thumbnailUrl":"https:\/\/www.strato.se\/blogg\/wp-content\/uploads\/sites\/3\/2023\/07\/image-2023-07-13T144401.096-1.jpg","keywords":["E-post","Unders\u00f6kning"],"articleSection":["Dom\u00e4n &amp; E-post","E-post","F\u00f6retagsbildning","Stories"],"inLanguage":"sv-SE"},{"@type":"WebPage","@id":"https:\/\/www.strato.se\/blogg\/sifo-undersokning-var-femte-mote-kunde-ha-varit-ett-mejl\/","url":"https:\/\/www.strato.se\/blogg\/sifo-undersokning-var-femte-mote-kunde-ha-varit-ett-mejl\/","name":"Sifo-unders\u00f6kning: Var femte m\u00f6te kunde ha varit ett mejl - STRATO Blogg","isPartOf":{"@id":"https:\/\/www.strato.se\/blogg\/#website"},"primaryImageOfPage":{"@id":"https:\/\/www.strato.se\/blogg\/sifo-undersokning-var-femte-mote-kunde-ha-varit-ett-mejl\/#primaryimage"},"image":{"@id":"https:\/\/www.strato.se\/blogg\/sifo-undersokning-var-femte-mote-kunde-ha-varit-ett-mejl\/#primaryimage"},"thumbnailUrl":"https:\/\/www.strato.se\/blogg\/wp-content\/uploads\/sites\/3\/2023\/07\/image-2023-07-13T144401.096-1.jpg","datePublished":"2023-07-13T12:46:47+00:00","dateModified":"2025-05-05T08:51:28+00:00","description":"Vad \u00e4r svenskarnas upplevelser kring kommunikation p\u00e5 jobbet? STRATO har unders\u00f6kt tillsammans med Sifo. L\u00e4s alla resultat h\u00e4r.","breadcrumb":{"@id":"https:\/\/www.strato.se\/blogg\/sifo-undersokning-var-femte-mote-kunde-ha-varit-ett-mejl\/#breadcrumb"},"inLanguage":"sv-SE","potentialAction":[{"@type":"ReadAction","target":["https:\/\/www.strato.se\/blogg\/sifo-undersokning-var-femte-mote-kunde-ha-varit-ett-mejl\/"]}]},{"@type":"ImageObject","inLanguage":"sv-SE","@id":"https:\/\/www.strato.se\/blogg\/sifo-undersokning-var-femte-mote-kunde-ha-varit-ett-mejl\/#primaryimage","url":"https:\/\/www.strato.se\/blogg\/wp-content\/uploads\/sites\/3\/2023\/07\/image-2023-07-13T144401.096-1.jpg","contentUrl":"https:\/\/www.strato.se\/blogg\/wp-content\/uploads\/sites\/3\/2023\/07\/image-2023-07-13T144401.096-1.jpg","width":540,"height":359,"caption":"Hand knappar p\u00e5 b\u00e4rbar dator, e-postmeddelanden flyger"},{"@type":"BreadcrumbList","@id":"https:\/\/www.strato.se\/blogg\/sifo-undersokning-var-femte-mote-kunde-ha-varit-ett-mejl\/#breadcrumb","itemListElement":[{"@type":"ListItem","position":1,"name":"Home","item":"https:\/\/www.strato.se\/blogg\/"},{"@type":"ListItem","position":2,"name":"Sifo-unders\u00f6kning: Var femte m\u00f6te kunde ha varit ett mejl"}]},{"@type":"WebSite","@id":"https:\/\/www.strato.se\/blogg\/#website","url":"https:\/\/www.strato.se\/blogg\/","name":"STRATO Blogg","description":"","publisher":{"@id":"https:\/\/www.strato.se\/blogg\/#organization"},"potentialAction":[{"@type":"SearchAction","target":{"@type":"EntryPoint","urlTemplate":"https:\/\/www.strato.se\/blogg\/?s={search_term_string}"},"query-input":{"@type":"PropertyValueSpecification","valueRequired":true,"valueName":"search_term_string"}}],"inLanguage":"sv-SE"},{"@type":"Organization","@id":"https:\/\/www.strato.se\/blogg\/#organization","name":"STRATO Blogg","url":"https:\/\/www.strato.se\/blogg\/","logo":{"@type":"ImageObject","inLanguage":"sv-SE","@id":"https:\/\/www.strato.se\/blogg\/#\/schema\/logo\/image\/","url":"https:\/\/www.strato.se\/blogg\/wp-content\/uploads\/sites\/3\/2023\/05\/cropped-2019-06-STRATO-bloggt-weis.png","contentUrl":"https:\/\/www.strato.se\/blogg\/wp-content\/uploads\/sites\/3\/2023\/05\/cropped-2019-06-STRATO-bloggt-weis.png","width":555,"height":97,"caption":"STRATO Blogg"},"image":{"@id":"https:\/\/www.strato.se\/blogg\/#\/schema\/logo\/image\/"}},{"@type":"Person","@id":"https:\/\/www.strato.se\/blogg\/#\/schema\/person\/1d8f93f8a470cd1b54d677aafa82b1af","name":"Frank Zopp","image":{"@type":"ImageObject","inLanguage":"sv-SE","@id":"https:\/\/www.strato.se\/blogg\/#\/schema\/person\/image\/","url":"https:\/\/www.strato.nl\/blog\/wp-content\/uploads\/sites\/2\/2023\/08\/IMG_0002-11-768x770-1.jpg","contentUrl":"https:\/\/www.strato.nl\/blog\/wp-content\/uploads\/sites\/2\/2023\/08\/IMG_0002-11-768x770-1.jpg","caption":"Frank Zopp"},"description":"Jag \u00e4r presstalesman p\u00e5 STRATO.","url":"https:\/\/www.strato.se\/blogg\/author\/frank\/"}]}},"_links":{"self":[{"href":"https:\/\/www.strato.se\/blogg\/wp-json\/wp\/v2\/posts\/388","targetHints":{"allow":["GET"]}}],"collection":[{"href":"https:\/\/www.strato.se\/blogg\/wp-json\/wp\/v2\/posts"}],"about":[{"href":"https:\/\/www.strato.se\/blogg\/wp-json\/wp\/v2\/types\/post"}],"author":[{"embeddable":true,"href":"https:\/\/www.strato.se\/blogg\/wp-json\/wp\/v2\/users\/4"}],"replies":[{"embeddable":true,"href":"https:\/\/www.strato.se\/blogg\/wp-json\/wp\/v2\/comments?post=388"}],"version-history":[{"count":22,"href":"https:\/\/www.strato.se\/blogg\/wp-json\/wp\/v2\/posts\/388\/revisions"}],"predecessor-version":[{"id":599,"href":"https:\/\/www.strato.se\/blogg\/wp-json\/wp\/v2\/posts\/388\/revisions\/599"}],"wp:featuredmedia":[{"embeddable":true,"href":"https:\/\/www.strato.se\/blogg\/wp-json\/wp\/v2\/media\/595"}],"wp:attachment":[{"href":"https:\/\/www.strato.se\/blogg\/wp-json\/wp\/v2\/media?parent=388"}],"wp:term":[{"taxonomy":"category","embeddable":true,"href":"https:\/\/www.strato.se\/blogg\/wp-json\/wp\/v2\/categories?post=388"},{"taxonomy":"post_tag","embeddable":true,"href":"https:\/\/www.strato.se\/blogg\/wp-json\/wp\/v2\/tags?post=388"}],"curies":[{"name":"wp","href":"https:\/\/api.w.org\/{rel}","templated":true}]}}