{"id":85,"date":"2023-05-22T14:48:29","date_gmt":"2023-05-22T12:48:29","guid":{"rendered":"https:\/\/www.strato.se\/blogg\/?p=85"},"modified":"2025-05-05T10:51:23","modified_gmt":"2025-05-05T08:51:23","slug":"fem-digitala-trender-att-haka-pa-under-2023","status":"publish","type":"post","link":"https:\/\/www.strato.se\/blogg\/fem-digitala-trender-att-haka-pa-under-2023\/","title":{"rendered":"Fem digitala trender att haka p\u00e5 under 2023"},"content":{"rendered":"\n<p><strong>H\u00e4r delar vi med oss de viktigaste trenderna som kan hj\u00e4lpa sm\u00e5f\u00f6retag att l\u00e4ra k\u00e4nna sina kunders behov b\u00e4ttre och d\u00e4rmed \u00f6ka sin effektivitet och minska sina kostnader. Framf\u00f6rallt handlar det om att \u00f6ka utrymme f\u00f6r data i molnet, nya datastrategier, IT som sparar resurser och \u00f6kad n\u00e4rvaro p\u00e5 n\u00e4tet.<\/strong><\/p>\n\n\n\n<p>Egenf\u00f6retagare och sm\u00e5f\u00f6retag har en stor f\u00f6rdel genom att de \u00e4r n\u00e4rmare sina kunder. Med hj\u00e4lp av digitala trender kan de dock komma \u00e4nnu n\u00e4rmare genom att l\u00e4ra k\u00e4nna kundernas behov b\u00e4ttre, samtidigt som de kan visa en st\u00f6rre n\u00e4rvaro.<\/p>\n\n\n\n<p>H\u00e4r listar vi fem viktiga trender f\u00f6r det kommande \u00e5ret:<br><\/p>\n\n\n\n<h2 class=\"wp-block-heading\" id=\"h-1-mer-lagring-i-molnet\"><strong>1. Mer lagring i molnet<\/strong><\/h2>\n\n\n\n<p>Den f\u00f6rsta trenden \u00e4r \u00f6kat utrymme f\u00f6r data i molnet. <a href=\"https:\/\/www.strato.se\/molnlagring\/\" target=\"_blank\" rel=\"noreferrer noopener\">Molnlagring<\/a> har blivit allt vanligare och under 2023 kommer allt fler enskilda firmor eller mindre f\u00f6retag att lagra st\u00f6rre m\u00e4ngder data i molnet. Molnlagring \u00e4r s\u00e4kert och kan underl\u00e4tta dataskyddshanteringen f\u00f6r f\u00f6retag. En annan f\u00f6rdel med molnlagring \u00e4r att den \u00e4r skalbar och kan ut\u00f6kas kostnadseffektivt.<br><\/p>\n\n\n\n<h2 class=\"wp-block-heading\"><strong>2. Klimatansvar med hj\u00e4lp av gr\u00f6n IT<\/strong><\/h2>\n\n\n\n<p>Den andra trenden \u00e4r klimatansvar med hj\u00e4lp av gr\u00f6n IT. Sm\u00e5f\u00f6retagare kan bidra till att minska energif\u00f6rbrukningen genom att anv\u00e4nda gr\u00f6na webbhotell med datacenter som drivs p\u00e5 el fr\u00e5n f\u00f6rnybara k\u00e4llor. Dessutom kan sm\u00e5f\u00f6retagare g\u00f6ra sin hemsida mer resurssparande genom minimalistisk design och f\u00e4rre bilder.<\/p>\n\n\n\n<h2 class=\"wp-block-heading\"><strong>3.&nbsp; Erbjud merv\u00e4rde i utbyte mot data<\/strong><\/h2>\n\n\n\n<p>Den tredje trenden \u00e4r att erbjuda merv\u00e4rde i utbyte mot data. F\u00f6r att f\u00e5 tillg\u00e5ng till detaljerad kundinformation b\u00f6r sm\u00e5f\u00f6retagare erbjuda kunderna ett merv\u00e4rde, som en rabatt eller f\u00f6rm\u00e5n, om de v\u00e4ljer att dela sin information. Uppgifter som samlas in p\u00e5 detta vis ger en bra grund f\u00f6r utformning av kommande erbjudanden.<br><\/p>\n\n\n\n<h2 class=\"wp-block-heading\"><strong>4.&nbsp; Omnikanalstrategier<\/strong><\/h2>\n\n\n\n<p>Den fj\u00e4rde trenden \u00e4r omnikanalstrategier. Sm\u00e5f\u00f6retagare b\u00f6r anv\u00e4nda en kanal\u00f6verskridande aff\u00e4rsmodell d\u00e4r fysisk butik, webbshop och sociala medier kopplas samman. Olika kanaler som Instagram, Facebook och TikTok blir alltmer relevanta, s\u00e4rskilt mot en yngre m\u00e5lgrupp.<br><\/p>\n\n\n\n<h2 class=\"wp-block-heading\"><strong>5.&nbsp; Sist men inte minst &#8211; \u00f6ka din digitala n\u00e4rvaro!<\/strong><\/h2>\n\n\n\n<p>Sist men inte minst, den femte trenden \u00e4r att \u00f6ka sin digitala n\u00e4rvaro. Pandemin har gjort att e-handeln har vuxit, och \u00e4ven efter en liten \u00e5terg\u00e5ng till det normala ser tillv\u00e4xttakten god ut. Sm\u00e5f\u00f6retagare b\u00f6r d\u00e4rf\u00f6r satsa p\u00e5 en stark digital n\u00e4rvaro f\u00f6r att n\u00e5 ut till fler kunder och m\u00f6ta de \u00f6kande kraven p\u00e5 onlinehandeln.<\/p>\n\n\n\n<p>Att haka p\u00e5 dessa fem trender kan hj\u00e4lpa sm\u00e5f\u00f6retagare att ta ett steg n\u00e4rmare sina kunder, spara resurser och visa en st\u00f6rre n\u00e4rvaro p\u00e5 n\u00e4tet. Det \u00e4r viktigt att h\u00e4nga med i utvecklingen och anpassa sig till de f\u00f6r\u00e4ndrade kraven fr\u00e5n kunder och samh\u00e4llet.<\/p>\n","protected":false},"excerpt":{"rendered":"<p>H\u00e4r delar vi med oss de viktigaste trenderna som kan hj\u00e4lpa sm\u00e5f\u00f6retag att l\u00e4ra k\u00e4nna sina kunders behov b\u00e4ttre och d\u00e4rmed \u00f6ka sin effektivitet och minska sina kostnader. Framf\u00f6rallt handlar det om att \u00f6ka utrymme f\u00f6r data i molnet, nya datastrategier, IT som sparar resurser och \u00f6kad n\u00e4rvaro p\u00e5 n\u00e4tet. Egenf\u00f6retagare och sm\u00e5f\u00f6retag har en [&hellip;]<\/p>\n","protected":false},"author":4,"featured_media":176,"comment_status":"closed","ping_status":"closed","sticky":false,"template":"","format":"standard","meta":{"_acf_changed":false,"footnotes":""},"categories":[25,12,13,20,7],"tags":[36,29,35,37,34,38],"class_list":["post-85","post","type-post","status-publish","format-standard","has-post-thumbnail","hentry","category-digital-marknadsforing","category-molnlagring","category-stories","category-tips","category-webbshop","tag-digital-marknadsforing","tag-hemsida","tag-molnlagring","tag-sociala-medier","tag-tips","tag-webbshop"],"acf":[],"yoast_head":"<!-- This site is optimized with the Yoast SEO plugin v27.1.1 - https:\/\/yoast.com\/product\/yoast-seo-wordpress\/ -->\n<title>Fem digitala trender att haka p\u00e5 under 2023 - STRATO Blogg<\/title>\n<meta name=\"description\" content=\"Sm\u00e5f\u00f6retag f\u00f6rb\u00e4ttrar sina chanser n\u00e4r de blir digitala: st\u00f6rre kundbas och b\u00e4ttre kundlojalitet. Vi listar de viktigaste trenderna.\" \/>\n<meta name=\"robots\" content=\"index, follow, max-snippet:-1, max-image-preview:large, max-video-preview:-1\" \/>\n<link rel=\"canonical\" href=\"https:\/\/www.strato.se\/blogg\/fem-digitala-trender-att-haka-pa-under-2023\/\" \/>\n<meta property=\"og:locale\" content=\"sv_SE\" \/>\n<meta property=\"og:type\" content=\"article\" \/>\n<meta property=\"og:title\" content=\"Fem digitala trender att haka p\u00e5 under 2023 - STRATO Blogg\" \/>\n<meta property=\"og:description\" content=\"Sm\u00e5f\u00f6retag f\u00f6rb\u00e4ttrar sina chanser n\u00e4r de blir digitala: st\u00f6rre kundbas och b\u00e4ttre kundlojalitet. Vi listar de viktigaste trenderna.\" \/>\n<meta property=\"og:url\" content=\"https:\/\/www.strato.se\/blogg\/fem-digitala-trender-att-haka-pa-under-2023\/\" \/>\n<meta property=\"og:site_name\" content=\"STRATO Blogg\" \/>\n<meta property=\"article:published_time\" content=\"2023-05-22T12:48:29+00:00\" \/>\n<meta property=\"article:modified_time\" content=\"2025-05-05T08:51:23+00:00\" \/>\n<meta property=\"og:image\" content=\"https:\/\/www.strato.se\/blogg\/wp-content\/uploads\/sites\/3\/2023\/06\/STRATO_digital-trends_klein-scaled-e1695814916170.jpg\" \/>\n\t<meta property=\"og:image:width\" content=\"778\" \/>\n\t<meta property=\"og:image:height\" content=\"519\" \/>\n\t<meta property=\"og:image:type\" content=\"image\/jpeg\" \/>\n<meta name=\"author\" content=\"Frank Zopp\" \/>\n<meta name=\"twitter:card\" content=\"summary_large_image\" \/>\n<meta name=\"twitter:label1\" content=\"Skriven av\" \/>\n\t<meta name=\"twitter:data1\" content=\"Frank Zopp\" \/>\n\t<meta name=\"twitter:label2\" content=\"Ber\u00e4knad l\u00e4stid\" \/>\n\t<meta name=\"twitter:data2\" content=\"3 minuter\" \/>\n<script type=\"application\/ld+json\" class=\"yoast-schema-graph\">{\"@context\":\"https:\/\/schema.org\",\"@graph\":[{\"@type\":\"Article\",\"@id\":\"https:\/\/www.strato.se\/blogg\/fem-digitala-trender-att-haka-pa-under-2023\/#article\",\"isPartOf\":{\"@id\":\"https:\/\/www.strato.se\/blogg\/fem-digitala-trender-att-haka-pa-under-2023\/\"},\"author\":{\"name\":\"Frank Zopp\",\"@id\":\"https:\/\/www.strato.se\/blogg\/#\/schema\/person\/1d8f93f8a470cd1b54d677aafa82b1af\"},\"headline\":\"Fem digitala trender att haka p\u00e5 under 2023\",\"datePublished\":\"2023-05-22T12:48:29+00:00\",\"dateModified\":\"2025-05-05T08:51:23+00:00\",\"mainEntityOfPage\":{\"@id\":\"https:\/\/www.strato.se\/blogg\/fem-digitala-trender-att-haka-pa-under-2023\/\"},\"wordCount\":522,\"publisher\":{\"@id\":\"https:\/\/www.strato.se\/blogg\/#organization\"},\"image\":{\"@id\":\"https:\/\/www.strato.se\/blogg\/fem-digitala-trender-att-haka-pa-under-2023\/#primaryimage\"},\"thumbnailUrl\":\"https:\/\/www.strato.se\/blogg\/wp-content\/uploads\/sites\/3\/2023\/06\/STRATO_digital-trends_klein-scaled-e1695814916170.jpg\",\"keywords\":[\"Digital marknadsf\u00f6ring\",\"Hemsida\",\"Molnlagring\",\"Sociala Medier\",\"Tips\",\"Webbshop\"],\"articleSection\":[\"Digital marknadsf\u00f6ring\",\"Molnlagring\",\"Stories\",\"Tips\",\"Webbshop\"],\"inLanguage\":\"sv-SE\"},{\"@type\":\"WebPage\",\"@id\":\"https:\/\/www.strato.se\/blogg\/fem-digitala-trender-att-haka-pa-under-2023\/\",\"url\":\"https:\/\/www.strato.se\/blogg\/fem-digitala-trender-att-haka-pa-under-2023\/\",\"name\":\"Fem digitala trender att haka p\u00e5 under 2023 - STRATO Blogg\",\"isPartOf\":{\"@id\":\"https:\/\/www.strato.se\/blogg\/#website\"},\"primaryImageOfPage\":{\"@id\":\"https:\/\/www.strato.se\/blogg\/fem-digitala-trender-att-haka-pa-under-2023\/#primaryimage\"},\"image\":{\"@id\":\"https:\/\/www.strato.se\/blogg\/fem-digitala-trender-att-haka-pa-under-2023\/#primaryimage\"},\"thumbnailUrl\":\"https:\/\/www.strato.se\/blogg\/wp-content\/uploads\/sites\/3\/2023\/06\/STRATO_digital-trends_klein-scaled-e1695814916170.jpg\",\"datePublished\":\"2023-05-22T12:48:29+00:00\",\"dateModified\":\"2025-05-05T08:51:23+00:00\",\"description\":\"Sm\u00e5f\u00f6retag f\u00f6rb\u00e4ttrar sina chanser n\u00e4r de blir digitala: st\u00f6rre kundbas och b\u00e4ttre kundlojalitet. Vi listar de viktigaste trenderna.\",\"breadcrumb\":{\"@id\":\"https:\/\/www.strato.se\/blogg\/fem-digitala-trender-att-haka-pa-under-2023\/#breadcrumb\"},\"inLanguage\":\"sv-SE\",\"potentialAction\":[{\"@type\":\"ReadAction\",\"target\":[\"https:\/\/www.strato.se\/blogg\/fem-digitala-trender-att-haka-pa-under-2023\/\"]}]},{\"@type\":\"ImageObject\",\"inLanguage\":\"sv-SE\",\"@id\":\"https:\/\/www.strato.se\/blogg\/fem-digitala-trender-att-haka-pa-under-2023\/#primaryimage\",\"url\":\"https:\/\/www.strato.se\/blogg\/wp-content\/uploads\/sites\/3\/2023\/06\/STRATO_digital-trends_klein-scaled-e1695814916170.jpg\",\"contentUrl\":\"https:\/\/www.strato.se\/blogg\/wp-content\/uploads\/sites\/3\/2023\/06\/STRATO_digital-trends_klein-scaled-e1695814916170.jpg\",\"width\":778,\"height\":519,\"caption\":\"Hand v\u00e4nd upp\u00e5t serut att h\u00e5lla 2023, som sv\u00e4var i luften omgiven av diverse ikoner\"},{\"@type\":\"BreadcrumbList\",\"@id\":\"https:\/\/www.strato.se\/blogg\/fem-digitala-trender-att-haka-pa-under-2023\/#breadcrumb\",\"itemListElement\":[{\"@type\":\"ListItem\",\"position\":1,\"name\":\"Home\",\"item\":\"https:\/\/www.strato.se\/blogg\/\"},{\"@type\":\"ListItem\",\"position\":2,\"name\":\"Fem digitala trender att haka p\u00e5 under 2023\"}]},{\"@type\":\"WebSite\",\"@id\":\"https:\/\/www.strato.se\/blogg\/#website\",\"url\":\"https:\/\/www.strato.se\/blogg\/\",\"name\":\"STRATO Blogg\",\"description\":\"\",\"publisher\":{\"@id\":\"https:\/\/www.strato.se\/blogg\/#organization\"},\"potentialAction\":[{\"@type\":\"SearchAction\",\"target\":{\"@type\":\"EntryPoint\",\"urlTemplate\":\"https:\/\/www.strato.se\/blogg\/?s={search_term_string}\"},\"query-input\":{\"@type\":\"PropertyValueSpecification\",\"valueRequired\":true,\"valueName\":\"search_term_string\"}}],\"inLanguage\":\"sv-SE\"},{\"@type\":\"Organization\",\"@id\":\"https:\/\/www.strato.se\/blogg\/#organization\",\"name\":\"STRATO Blogg\",\"url\":\"https:\/\/www.strato.se\/blogg\/\",\"logo\":{\"@type\":\"ImageObject\",\"inLanguage\":\"sv-SE\",\"@id\":\"https:\/\/www.strato.se\/blogg\/#\/schema\/logo\/image\/\",\"url\":\"https:\/\/www.strato.se\/blogg\/wp-content\/uploads\/sites\/3\/2023\/05\/cropped-2019-06-STRATO-bloggt-weis.png\",\"contentUrl\":\"https:\/\/www.strato.se\/blogg\/wp-content\/uploads\/sites\/3\/2023\/05\/cropped-2019-06-STRATO-bloggt-weis.png\",\"width\":555,\"height\":97,\"caption\":\"STRATO Blogg\"},\"image\":{\"@id\":\"https:\/\/www.strato.se\/blogg\/#\/schema\/logo\/image\/\"}},{\"@type\":\"Person\",\"@id\":\"https:\/\/www.strato.se\/blogg\/#\/schema\/person\/1d8f93f8a470cd1b54d677aafa82b1af\",\"name\":\"Frank Zopp\",\"image\":{\"@type\":\"ImageObject\",\"inLanguage\":\"sv-SE\",\"@id\":\"https:\/\/www.strato.se\/blogg\/#\/schema\/person\/image\/\",\"url\":\"https:\/\/www.strato.nl\/blog\/wp-content\/uploads\/sites\/2\/2023\/08\/IMG_0002-11-768x770-1.jpg\",\"contentUrl\":\"https:\/\/www.strato.nl\/blog\/wp-content\/uploads\/sites\/2\/2023\/08\/IMG_0002-11-768x770-1.jpg\",\"caption\":\"Frank Zopp\"},\"description\":\"Jag \u00e4r presstalesman p\u00e5 STRATO.\",\"url\":\"https:\/\/www.strato.se\/blogg\/author\/frank\/\"}]}<\/script>\n<!-- \/ Yoast SEO plugin. -->","yoast_head_json":{"title":"Fem digitala trender att haka p\u00e5 under 2023 - STRATO Blogg","description":"Sm\u00e5f\u00f6retag f\u00f6rb\u00e4ttrar sina chanser n\u00e4r de blir digitala: st\u00f6rre kundbas och b\u00e4ttre kundlojalitet. Vi listar de viktigaste trenderna.","robots":{"index":"index","follow":"follow","max-snippet":"max-snippet:-1","max-image-preview":"max-image-preview:large","max-video-preview":"max-video-preview:-1"},"canonical":"https:\/\/www.strato.se\/blogg\/fem-digitala-trender-att-haka-pa-under-2023\/","og_locale":"sv_SE","og_type":"article","og_title":"Fem digitala trender att haka p\u00e5 under 2023 - STRATO Blogg","og_description":"Sm\u00e5f\u00f6retag f\u00f6rb\u00e4ttrar sina chanser n\u00e4r de blir digitala: st\u00f6rre kundbas och b\u00e4ttre kundlojalitet. Vi listar de viktigaste trenderna.","og_url":"https:\/\/www.strato.se\/blogg\/fem-digitala-trender-att-haka-pa-under-2023\/","og_site_name":"STRATO Blogg","article_published_time":"2023-05-22T12:48:29+00:00","article_modified_time":"2025-05-05T08:51:23+00:00","og_image":[{"width":778,"height":519,"url":"https:\/\/www.strato.se\/blogg\/wp-content\/uploads\/sites\/3\/2023\/06\/STRATO_digital-trends_klein-scaled-e1695814916170.jpg","type":"image\/jpeg"}],"author":"Frank Zopp","twitter_card":"summary_large_image","twitter_misc":{"Skriven av":"Frank Zopp","Ber\u00e4knad l\u00e4stid":"3 minuter"},"schema":{"@context":"https:\/\/schema.org","@graph":[{"@type":"Article","@id":"https:\/\/www.strato.se\/blogg\/fem-digitala-trender-att-haka-pa-under-2023\/#article","isPartOf":{"@id":"https:\/\/www.strato.se\/blogg\/fem-digitala-trender-att-haka-pa-under-2023\/"},"author":{"name":"Frank Zopp","@id":"https:\/\/www.strato.se\/blogg\/#\/schema\/person\/1d8f93f8a470cd1b54d677aafa82b1af"},"headline":"Fem digitala trender att haka p\u00e5 under 2023","datePublished":"2023-05-22T12:48:29+00:00","dateModified":"2025-05-05T08:51:23+00:00","mainEntityOfPage":{"@id":"https:\/\/www.strato.se\/blogg\/fem-digitala-trender-att-haka-pa-under-2023\/"},"wordCount":522,"publisher":{"@id":"https:\/\/www.strato.se\/blogg\/#organization"},"image":{"@id":"https:\/\/www.strato.se\/blogg\/fem-digitala-trender-att-haka-pa-under-2023\/#primaryimage"},"thumbnailUrl":"https:\/\/www.strato.se\/blogg\/wp-content\/uploads\/sites\/3\/2023\/06\/STRATO_digital-trends_klein-scaled-e1695814916170.jpg","keywords":["Digital marknadsf\u00f6ring","Hemsida","Molnlagring","Sociala Medier","Tips","Webbshop"],"articleSection":["Digital marknadsf\u00f6ring","Molnlagring","Stories","Tips","Webbshop"],"inLanguage":"sv-SE"},{"@type":"WebPage","@id":"https:\/\/www.strato.se\/blogg\/fem-digitala-trender-att-haka-pa-under-2023\/","url":"https:\/\/www.strato.se\/blogg\/fem-digitala-trender-att-haka-pa-under-2023\/","name":"Fem digitala trender att haka p\u00e5 under 2023 - STRATO Blogg","isPartOf":{"@id":"https:\/\/www.strato.se\/blogg\/#website"},"primaryImageOfPage":{"@id":"https:\/\/www.strato.se\/blogg\/fem-digitala-trender-att-haka-pa-under-2023\/#primaryimage"},"image":{"@id":"https:\/\/www.strato.se\/blogg\/fem-digitala-trender-att-haka-pa-under-2023\/#primaryimage"},"thumbnailUrl":"https:\/\/www.strato.se\/blogg\/wp-content\/uploads\/sites\/3\/2023\/06\/STRATO_digital-trends_klein-scaled-e1695814916170.jpg","datePublished":"2023-05-22T12:48:29+00:00","dateModified":"2025-05-05T08:51:23+00:00","description":"Sm\u00e5f\u00f6retag f\u00f6rb\u00e4ttrar sina chanser n\u00e4r de blir digitala: st\u00f6rre kundbas och b\u00e4ttre kundlojalitet. Vi listar de viktigaste trenderna.","breadcrumb":{"@id":"https:\/\/www.strato.se\/blogg\/fem-digitala-trender-att-haka-pa-under-2023\/#breadcrumb"},"inLanguage":"sv-SE","potentialAction":[{"@type":"ReadAction","target":["https:\/\/www.strato.se\/blogg\/fem-digitala-trender-att-haka-pa-under-2023\/"]}]},{"@type":"ImageObject","inLanguage":"sv-SE","@id":"https:\/\/www.strato.se\/blogg\/fem-digitala-trender-att-haka-pa-under-2023\/#primaryimage","url":"https:\/\/www.strato.se\/blogg\/wp-content\/uploads\/sites\/3\/2023\/06\/STRATO_digital-trends_klein-scaled-e1695814916170.jpg","contentUrl":"https:\/\/www.strato.se\/blogg\/wp-content\/uploads\/sites\/3\/2023\/06\/STRATO_digital-trends_klein-scaled-e1695814916170.jpg","width":778,"height":519,"caption":"Hand v\u00e4nd upp\u00e5t serut att h\u00e5lla 2023, som sv\u00e4var i luften omgiven av diverse ikoner"},{"@type":"BreadcrumbList","@id":"https:\/\/www.strato.se\/blogg\/fem-digitala-trender-att-haka-pa-under-2023\/#breadcrumb","itemListElement":[{"@type":"ListItem","position":1,"name":"Home","item":"https:\/\/www.strato.se\/blogg\/"},{"@type":"ListItem","position":2,"name":"Fem digitala trender att haka p\u00e5 under 2023"}]},{"@type":"WebSite","@id":"https:\/\/www.strato.se\/blogg\/#website","url":"https:\/\/www.strato.se\/blogg\/","name":"STRATO Blogg","description":"","publisher":{"@id":"https:\/\/www.strato.se\/blogg\/#organization"},"potentialAction":[{"@type":"SearchAction","target":{"@type":"EntryPoint","urlTemplate":"https:\/\/www.strato.se\/blogg\/?s={search_term_string}"},"query-input":{"@type":"PropertyValueSpecification","valueRequired":true,"valueName":"search_term_string"}}],"inLanguage":"sv-SE"},{"@type":"Organization","@id":"https:\/\/www.strato.se\/blogg\/#organization","name":"STRATO Blogg","url":"https:\/\/www.strato.se\/blogg\/","logo":{"@type":"ImageObject","inLanguage":"sv-SE","@id":"https:\/\/www.strato.se\/blogg\/#\/schema\/logo\/image\/","url":"https:\/\/www.strato.se\/blogg\/wp-content\/uploads\/sites\/3\/2023\/05\/cropped-2019-06-STRATO-bloggt-weis.png","contentUrl":"https:\/\/www.strato.se\/blogg\/wp-content\/uploads\/sites\/3\/2023\/05\/cropped-2019-06-STRATO-bloggt-weis.png","width":555,"height":97,"caption":"STRATO Blogg"},"image":{"@id":"https:\/\/www.strato.se\/blogg\/#\/schema\/logo\/image\/"}},{"@type":"Person","@id":"https:\/\/www.strato.se\/blogg\/#\/schema\/person\/1d8f93f8a470cd1b54d677aafa82b1af","name":"Frank Zopp","image":{"@type":"ImageObject","inLanguage":"sv-SE","@id":"https:\/\/www.strato.se\/blogg\/#\/schema\/person\/image\/","url":"https:\/\/www.strato.nl\/blog\/wp-content\/uploads\/sites\/2\/2023\/08\/IMG_0002-11-768x770-1.jpg","contentUrl":"https:\/\/www.strato.nl\/blog\/wp-content\/uploads\/sites\/2\/2023\/08\/IMG_0002-11-768x770-1.jpg","caption":"Frank Zopp"},"description":"Jag \u00e4r presstalesman p\u00e5 STRATO.","url":"https:\/\/www.strato.se\/blogg\/author\/frank\/"}]}},"_links":{"self":[{"href":"https:\/\/www.strato.se\/blogg\/wp-json\/wp\/v2\/posts\/85","targetHints":{"allow":["GET"]}}],"collection":[{"href":"https:\/\/www.strato.se\/blogg\/wp-json\/wp\/v2\/posts"}],"about":[{"href":"https:\/\/www.strato.se\/blogg\/wp-json\/wp\/v2\/types\/post"}],"author":[{"embeddable":true,"href":"https:\/\/www.strato.se\/blogg\/wp-json\/wp\/v2\/users\/4"}],"replies":[{"embeddable":true,"href":"https:\/\/www.strato.se\/blogg\/wp-json\/wp\/v2\/comments?post=85"}],"version-history":[{"count":7,"href":"https:\/\/www.strato.se\/blogg\/wp-json\/wp\/v2\/posts\/85\/revisions"}],"predecessor-version":[{"id":689,"href":"https:\/\/www.strato.se\/blogg\/wp-json\/wp\/v2\/posts\/85\/revisions\/689"}],"wp:featuredmedia":[{"embeddable":true,"href":"https:\/\/www.strato.se\/blogg\/wp-json\/wp\/v2\/media\/176"}],"wp:attachment":[{"href":"https:\/\/www.strato.se\/blogg\/wp-json\/wp\/v2\/media?parent=85"}],"wp:term":[{"taxonomy":"category","embeddable":true,"href":"https:\/\/www.strato.se\/blogg\/wp-json\/wp\/v2\/categories?post=85"},{"taxonomy":"post_tag","embeddable":true,"href":"https:\/\/www.strato.se\/blogg\/wp-json\/wp\/v2\/tags?post=85"}],"curies":[{"name":"wp","href":"https:\/\/api.w.org\/{rel}","templated":true}]}}