{"id":992,"date":"2025-01-01T18:00:00","date_gmt":"2025-01-01T17:00:00","guid":{"rendered":"https:\/\/www.strato.se\/foretagarallsvenskan\/?p=992"},"modified":"2025-07-08T16:45:20","modified_gmt":"2025-07-08T14:45:20","slug":"beratta-din-historia","status":"publish","type":"post","link":"https:\/\/www.strato.se\/foretagarallsvenskan\/2025\/01\/01\/beratta-din-historia\/","title":{"rendered":"Ber\u00e4tta din historia!"},"content":{"rendered":"\n<p>P\u00e5 STRATO tror vi att varje f\u00f6retagsresa \u00e4r unik och ger inspirerande insikter. D\u00e4rf\u00f6r vill vi bjuda in v\u00e5ra kunder att bli en del av v\u00e5rt nya initiativ. M\u00e5let \u00e4r att lyfta fram just ditt f\u00f6retags framg\u00e5ngshistoria i rampljuset! Haken? Det finns ingen, allt \u00e4r helt kostnadsfritt f\u00f6r dig.<\/p>\n\n\n\n<p>Har du ut\u00f6kat din digitala n\u00e4rvaro med STRATO? Har du f\u00e5tt nya kunder eller optimerat dina aff\u00e4rsprocesser med v\u00e5ra produkter? D\u00e5 vill vi h\u00f6ra din ber\u00e4ttelse i en 30-minuters intervju!<\/p>\n\n\n\n<p>Ditt bidrag kommer inte bara att publiceras h\u00e4r p\u00e5 v\u00e5r webbplats, utan \u00e4ven delas via v\u00e5ra sociala mediekanaler \u2013 Facebook, LinkedIn och X \u2013 samt p\u00e5 v\u00e5r blogg. Detta ger dig en m\u00f6jlighet att presentera ditt projekt och dina erfarenheter f\u00f6r en bred publik, inspirera andra f\u00f6retagare och \u00f6ka din r\u00e4ckvidd!<\/p>\n\n\n\n<p>Kontakta oss direkt p\u00e5: presse@strato.de<\/p>\n\n\n\n<p>Vi ser fram emot att h\u00f6ra din historia!<\/p>\n\n\n\n<p><\/p>\n","protected":false},"excerpt":{"rendered":"<p>P\u00e5 STRATO tror vi att varje f\u00f6retagsresa \u00e4r unik och ger inspirerande insikter. D\u00e4rf\u00f6r vill vi bjuda in v\u00e5ra kunder att bli en del av v\u00e5rt nya initiativ. M\u00e5let \u00e4r att lyfta fram just ditt f\u00f6retags framg\u00e5ngshistoria i rampljuset! Haken? Det finns ingen, allt \u00e4r helt kostnadsfritt f\u00f6r dig. Har du ut\u00f6kat din digitala n\u00e4rvaro [&hellip;]<\/p>\n","protected":false},"author":111,"featured_media":1120,"comment_status":"closed","ping_status":"closed","sticky":false,"template":"","format":"standard","meta":{"_acf_changed":false,"footnotes":""},"categories":[16,15,21,11],"tags":[],"class_list":["post-992","post","type-post","status-publish","format-standard","has-post-thumbnail","hentry","category-digital-marknadsforing","category-hemsida","category-sitebuilder","category-webbshop"],"acf":[],"yoast_head":"<!-- This site is optimized with the Yoast SEO plugin v27.1.1 - https:\/\/yoast.com\/product\/yoast-seo-wordpress\/ -->\n<title>Ber\u00e4tta din historia! - F\u00f6retagarAllsvenskan<\/title>\n<meta name=\"robots\" content=\"index, follow, max-snippet:-1, max-image-preview:large, max-video-preview:-1\" \/>\n<link rel=\"canonical\" href=\"https:\/\/www.strato.se\/foretagarallsvenskan\/2025\/01\/01\/beratta-din-historia\/\" \/>\n<meta property=\"og:locale\" content=\"sv_SE\" \/>\n<meta property=\"og:type\" content=\"article\" \/>\n<meta property=\"og:title\" content=\"Ber\u00e4tta din historia! - F\u00f6retagarAllsvenskan\" \/>\n<meta property=\"og:description\" content=\"P\u00e5 STRATO tror vi att varje f\u00f6retagsresa \u00e4r unik och ger inspirerande insikter. D\u00e4rf\u00f6r vill vi bjuda in v\u00e5ra kunder att bli en del av v\u00e5rt nya initiativ. M\u00e5let \u00e4r att lyfta fram just ditt f\u00f6retags framg\u00e5ngshistoria i rampljuset! Haken? Det finns ingen, allt \u00e4r helt kostnadsfritt f\u00f6r dig. Har du ut\u00f6kat din digitala n\u00e4rvaro [&hellip;]\" \/>\n<meta property=\"og:url\" content=\"https:\/\/www.strato.se\/foretagarallsvenskan\/2025\/01\/01\/beratta-din-historia\/\" \/>\n<meta property=\"og:site_name\" content=\"F\u00f6retagarAllsvenskan\" \/>\n<meta property=\"article:published_time\" content=\"2025-01-01T17:00:00+00:00\" \/>\n<meta property=\"article:modified_time\" content=\"2025-07-08T14:45:20+00:00\" \/>\n<meta property=\"og:image\" content=\"https:\/\/www.strato.se\/foretagarallsvenskan\/wp-content\/uploads\/sites\/4\/2024\/12\/pexels-pixabay-355952-scaled.jpg\" \/>\n\t<meta property=\"og:image:width\" content=\"2048\" \/>\n\t<meta property=\"og:image:height\" content=\"1423\" \/>\n\t<meta property=\"og:image:type\" content=\"image\/jpeg\" \/>\n<meta name=\"author\" content=\"Noelle Feuer\" \/>\n<meta name=\"twitter:card\" content=\"summary_large_image\" \/>\n<meta name=\"twitter:label1\" content=\"Skriven av\" \/>\n\t<meta name=\"twitter:data1\" content=\"Noelle Feuer\" \/>\n\t<meta name=\"twitter:label2\" content=\"Ber\u00e4knad l\u00e4stid\" \/>\n\t<meta name=\"twitter:data2\" content=\"1 minut\" \/>\n<script type=\"application\/ld+json\" class=\"yoast-schema-graph\">{\"@context\":\"https:\/\/schema.org\",\"@graph\":[{\"@type\":\"Article\",\"@id\":\"https:\/\/www.strato.se\/foretagarallsvenskan\/2025\/01\/01\/beratta-din-historia\/#article\",\"isPartOf\":{\"@id\":\"https:\/\/www.strato.se\/foretagarallsvenskan\/2025\/01\/01\/beratta-din-historia\/\"},\"author\":{\"name\":\"Noelle Feuer\",\"@id\":\"https:\/\/www.strato.se\/foretagarallsvenskan\/#\/schema\/person\/1251cae242d56ff9ee00b6736f188859\"},\"headline\":\"Ber\u00e4tta din historia!\",\"datePublished\":\"2025-01-01T17:00:00+00:00\",\"dateModified\":\"2025-07-08T14:45:20+00:00\",\"mainEntityOfPage\":{\"@id\":\"https:\/\/www.strato.se\/foretagarallsvenskan\/2025\/01\/01\/beratta-din-historia\/\"},\"wordCount\":172,\"publisher\":{\"@id\":\"https:\/\/www.strato.se\/foretagarallsvenskan\/#organization\"},\"image\":{\"@id\":\"https:\/\/www.strato.se\/foretagarallsvenskan\/2025\/01\/01\/beratta-din-historia\/#primaryimage\"},\"thumbnailUrl\":\"https:\/\/www.strato.se\/foretagarallsvenskan\/wp-content\/uploads\/sites\/4\/2024\/12\/pexels-pixabay-355952-scaled.jpg\",\"articleSection\":[\"Digital marknadsf\u00f6ring\",\"Hemsida\",\"Sitebuilder\",\"Webbshop\"],\"inLanguage\":\"sv-SE\"},{\"@type\":\"WebPage\",\"@id\":\"https:\/\/www.strato.se\/foretagarallsvenskan\/2025\/01\/01\/beratta-din-historia\/\",\"url\":\"https:\/\/www.strato.se\/foretagarallsvenskan\/2025\/01\/01\/beratta-din-historia\/\",\"name\":\"Ber\u00e4tta din historia! - F\u00f6retagarAllsvenskan\",\"isPartOf\":{\"@id\":\"https:\/\/www.strato.se\/foretagarallsvenskan\/#website\"},\"primaryImageOfPage\":{\"@id\":\"https:\/\/www.strato.se\/foretagarallsvenskan\/2025\/01\/01\/beratta-din-historia\/#primaryimage\"},\"image\":{\"@id\":\"https:\/\/www.strato.se\/foretagarallsvenskan\/2025\/01\/01\/beratta-din-historia\/#primaryimage\"},\"thumbnailUrl\":\"https:\/\/www.strato.se\/foretagarallsvenskan\/wp-content\/uploads\/sites\/4\/2024\/12\/pexels-pixabay-355952-scaled.jpg\",\"datePublished\":\"2025-01-01T17:00:00+00:00\",\"dateModified\":\"2025-07-08T14:45:20+00:00\",\"breadcrumb\":{\"@id\":\"https:\/\/www.strato.se\/foretagarallsvenskan\/2025\/01\/01\/beratta-din-historia\/#breadcrumb\"},\"inLanguage\":\"sv-SE\",\"potentialAction\":[{\"@type\":\"ReadAction\",\"target\":[\"https:\/\/www.strato.se\/foretagarallsvenskan\/2025\/01\/01\/beratta-din-historia\/\"]}]},{\"@type\":\"ImageObject\",\"inLanguage\":\"sv-SE\",\"@id\":\"https:\/\/www.strato.se\/foretagarallsvenskan\/2025\/01\/01\/beratta-din-historia\/#primaryimage\",\"url\":\"https:\/\/www.strato.se\/foretagarallsvenskan\/wp-content\/uploads\/sites\/4\/2024\/12\/pexels-pixabay-355952-scaled.jpg\",\"contentUrl\":\"https:\/\/www.strato.se\/foretagarallsvenskan\/wp-content\/uploads\/sites\/4\/2024\/12\/pexels-pixabay-355952-scaled.jpg\",\"width\":2048,\"height\":1423,\"caption\":\"Photo: A lightbulb in front of a chalk board\"},{\"@type\":\"BreadcrumbList\",\"@id\":\"https:\/\/www.strato.se\/foretagarallsvenskan\/2025\/01\/01\/beratta-din-historia\/#breadcrumb\",\"itemListElement\":[{\"@type\":\"ListItem\",\"position\":1,\"name\":\"Startseite\",\"item\":\"https:\/\/www.strato.se\/foretagarallsvenskan\/\"},{\"@type\":\"ListItem\",\"position\":2,\"name\":\"Ber\u00e4tta din historia!\"}]},{\"@type\":\"WebSite\",\"@id\":\"https:\/\/www.strato.se\/foretagarallsvenskan\/#website\",\"url\":\"https:\/\/www.strato.se\/foretagarallsvenskan\/\",\"name\":\"F\u00f6retagarAllsvenskan\",\"description\":\"\",\"publisher\":{\"@id\":\"https:\/\/www.strato.se\/foretagarallsvenskan\/#organization\"},\"potentialAction\":[{\"@type\":\"SearchAction\",\"target\":{\"@type\":\"EntryPoint\",\"urlTemplate\":\"https:\/\/www.strato.se\/foretagarallsvenskan\/?s={search_term_string}\"},\"query-input\":{\"@type\":\"PropertyValueSpecification\",\"valueRequired\":true,\"valueName\":\"search_term_string\"}}],\"inLanguage\":\"sv-SE\"},{\"@type\":\"Organization\",\"@id\":\"https:\/\/www.strato.se\/foretagarallsvenskan\/#organization\",\"name\":\"F\u00f6retagarAllsvenskan\",\"url\":\"https:\/\/www.strato.se\/foretagarallsvenskan\/\",\"logo\":{\"@type\":\"ImageObject\",\"inLanguage\":\"sv-SE\",\"@id\":\"https:\/\/www.strato.se\/foretagarallsvenskan\/#\/schema\/logo\/image\/\",\"url\":\"\",\"contentUrl\":\"\",\"caption\":\"F\u00f6retagarAllsvenskan\"},\"image\":{\"@id\":\"https:\/\/www.strato.se\/foretagarallsvenskan\/#\/schema\/logo\/image\/\"}},{\"@type\":\"Person\",\"@id\":\"https:\/\/www.strato.se\/foretagarallsvenskan\/#\/schema\/person\/1251cae242d56ff9ee00b6736f188859\",\"name\":\"Noelle Feuer\",\"image\":{\"@type\":\"ImageObject\",\"inLanguage\":\"sv-SE\",\"@id\":\"https:\/\/www.strato.se\/foretagarallsvenskan\/#\/schema\/person\/image\/\",\"url\":\"https:\/\/www.strato.se\/foretagarallsvenskan\/wp-content\/uploads\/sites\/4\/2024\/07\/IMG_5294-1-scaled-e1732191408685-96x96.jpg\",\"contentUrl\":\"https:\/\/www.strato.se\/foretagarallsvenskan\/wp-content\/uploads\/sites\/4\/2024\/07\/IMG_5294-1-scaled-e1732191408685-96x96.jpg\",\"caption\":\"Noelle Feuer\"},\"url\":\"https:\/\/www.strato.se\/foretagarallsvenskan\/author\/noelle\/\"}]}<\/script>\n<!-- \/ Yoast SEO plugin. -->","yoast_head_json":{"title":"Ber\u00e4tta din historia! - F\u00f6retagarAllsvenskan","robots":{"index":"index","follow":"follow","max-snippet":"max-snippet:-1","max-image-preview":"max-image-preview:large","max-video-preview":"max-video-preview:-1"},"canonical":"https:\/\/www.strato.se\/foretagarallsvenskan\/2025\/01\/01\/beratta-din-historia\/","og_locale":"sv_SE","og_type":"article","og_title":"Ber\u00e4tta din historia! - F\u00f6retagarAllsvenskan","og_description":"P\u00e5 STRATO tror vi att varje f\u00f6retagsresa \u00e4r unik och ger inspirerande insikter. D\u00e4rf\u00f6r vill vi bjuda in v\u00e5ra kunder att bli en del av v\u00e5rt nya initiativ. M\u00e5let \u00e4r att lyfta fram just ditt f\u00f6retags framg\u00e5ngshistoria i rampljuset! Haken? Det finns ingen, allt \u00e4r helt kostnadsfritt f\u00f6r dig. Har du ut\u00f6kat din digitala n\u00e4rvaro [&hellip;]","og_url":"https:\/\/www.strato.se\/foretagarallsvenskan\/2025\/01\/01\/beratta-din-historia\/","og_site_name":"F\u00f6retagarAllsvenskan","article_published_time":"2025-01-01T17:00:00+00:00","article_modified_time":"2025-07-08T14:45:20+00:00","og_image":[{"width":2048,"height":1423,"url":"https:\/\/www.strato.se\/foretagarallsvenskan\/wp-content\/uploads\/sites\/4\/2024\/12\/pexels-pixabay-355952-scaled.jpg","type":"image\/jpeg"}],"author":"Noelle Feuer","twitter_card":"summary_large_image","twitter_misc":{"Skriven av":"Noelle Feuer","Ber\u00e4knad l\u00e4stid":"1 minut"},"schema":{"@context":"https:\/\/schema.org","@graph":[{"@type":"Article","@id":"https:\/\/www.strato.se\/foretagarallsvenskan\/2025\/01\/01\/beratta-din-historia\/#article","isPartOf":{"@id":"https:\/\/www.strato.se\/foretagarallsvenskan\/2025\/01\/01\/beratta-din-historia\/"},"author":{"name":"Noelle Feuer","@id":"https:\/\/www.strato.se\/foretagarallsvenskan\/#\/schema\/person\/1251cae242d56ff9ee00b6736f188859"},"headline":"Ber\u00e4tta din historia!","datePublished":"2025-01-01T17:00:00+00:00","dateModified":"2025-07-08T14:45:20+00:00","mainEntityOfPage":{"@id":"https:\/\/www.strato.se\/foretagarallsvenskan\/2025\/01\/01\/beratta-din-historia\/"},"wordCount":172,"publisher":{"@id":"https:\/\/www.strato.se\/foretagarallsvenskan\/#organization"},"image":{"@id":"https:\/\/www.strato.se\/foretagarallsvenskan\/2025\/01\/01\/beratta-din-historia\/#primaryimage"},"thumbnailUrl":"https:\/\/www.strato.se\/foretagarallsvenskan\/wp-content\/uploads\/sites\/4\/2024\/12\/pexels-pixabay-355952-scaled.jpg","articleSection":["Digital marknadsf\u00f6ring","Hemsida","Sitebuilder","Webbshop"],"inLanguage":"sv-SE"},{"@type":"WebPage","@id":"https:\/\/www.strato.se\/foretagarallsvenskan\/2025\/01\/01\/beratta-din-historia\/","url":"https:\/\/www.strato.se\/foretagarallsvenskan\/2025\/01\/01\/beratta-din-historia\/","name":"Ber\u00e4tta din historia! - F\u00f6retagarAllsvenskan","isPartOf":{"@id":"https:\/\/www.strato.se\/foretagarallsvenskan\/#website"},"primaryImageOfPage":{"@id":"https:\/\/www.strato.se\/foretagarallsvenskan\/2025\/01\/01\/beratta-din-historia\/#primaryimage"},"image":{"@id":"https:\/\/www.strato.se\/foretagarallsvenskan\/2025\/01\/01\/beratta-din-historia\/#primaryimage"},"thumbnailUrl":"https:\/\/www.strato.se\/foretagarallsvenskan\/wp-content\/uploads\/sites\/4\/2024\/12\/pexels-pixabay-355952-scaled.jpg","datePublished":"2025-01-01T17:00:00+00:00","dateModified":"2025-07-08T14:45:20+00:00","breadcrumb":{"@id":"https:\/\/www.strato.se\/foretagarallsvenskan\/2025\/01\/01\/beratta-din-historia\/#breadcrumb"},"inLanguage":"sv-SE","potentialAction":[{"@type":"ReadAction","target":["https:\/\/www.strato.se\/foretagarallsvenskan\/2025\/01\/01\/beratta-din-historia\/"]}]},{"@type":"ImageObject","inLanguage":"sv-SE","@id":"https:\/\/www.strato.se\/foretagarallsvenskan\/2025\/01\/01\/beratta-din-historia\/#primaryimage","url":"https:\/\/www.strato.se\/foretagarallsvenskan\/wp-content\/uploads\/sites\/4\/2024\/12\/pexels-pixabay-355952-scaled.jpg","contentUrl":"https:\/\/www.strato.se\/foretagarallsvenskan\/wp-content\/uploads\/sites\/4\/2024\/12\/pexels-pixabay-355952-scaled.jpg","width":2048,"height":1423,"caption":"Photo: A lightbulb in front of a chalk board"},{"@type":"BreadcrumbList","@id":"https:\/\/www.strato.se\/foretagarallsvenskan\/2025\/01\/01\/beratta-din-historia\/#breadcrumb","itemListElement":[{"@type":"ListItem","position":1,"name":"Startseite","item":"https:\/\/www.strato.se\/foretagarallsvenskan\/"},{"@type":"ListItem","position":2,"name":"Ber\u00e4tta din historia!"}]},{"@type":"WebSite","@id":"https:\/\/www.strato.se\/foretagarallsvenskan\/#website","url":"https:\/\/www.strato.se\/foretagarallsvenskan\/","name":"F\u00f6retagarAllsvenskan","description":"","publisher":{"@id":"https:\/\/www.strato.se\/foretagarallsvenskan\/#organization"},"potentialAction":[{"@type":"SearchAction","target":{"@type":"EntryPoint","urlTemplate":"https:\/\/www.strato.se\/foretagarallsvenskan\/?s={search_term_string}"},"query-input":{"@type":"PropertyValueSpecification","valueRequired":true,"valueName":"search_term_string"}}],"inLanguage":"sv-SE"},{"@type":"Organization","@id":"https:\/\/www.strato.se\/foretagarallsvenskan\/#organization","name":"F\u00f6retagarAllsvenskan","url":"https:\/\/www.strato.se\/foretagarallsvenskan\/","logo":{"@type":"ImageObject","inLanguage":"sv-SE","@id":"https:\/\/www.strato.se\/foretagarallsvenskan\/#\/schema\/logo\/image\/","url":"","contentUrl":"","caption":"F\u00f6retagarAllsvenskan"},"image":{"@id":"https:\/\/www.strato.se\/foretagarallsvenskan\/#\/schema\/logo\/image\/"}},{"@type":"Person","@id":"https:\/\/www.strato.se\/foretagarallsvenskan\/#\/schema\/person\/1251cae242d56ff9ee00b6736f188859","name":"Noelle Feuer","image":{"@type":"ImageObject","inLanguage":"sv-SE","@id":"https:\/\/www.strato.se\/foretagarallsvenskan\/#\/schema\/person\/image\/","url":"https:\/\/www.strato.se\/foretagarallsvenskan\/wp-content\/uploads\/sites\/4\/2024\/07\/IMG_5294-1-scaled-e1732191408685-96x96.jpg","contentUrl":"https:\/\/www.strato.se\/foretagarallsvenskan\/wp-content\/uploads\/sites\/4\/2024\/07\/IMG_5294-1-scaled-e1732191408685-96x96.jpg","caption":"Noelle Feuer"},"url":"https:\/\/www.strato.se\/foretagarallsvenskan\/author\/noelle\/"}]}},"_links":{"self":[{"href":"https:\/\/www.strato.se\/foretagarallsvenskan\/wp-json\/wp\/v2\/posts\/992","targetHints":{"allow":["GET"]}}],"collection":[{"href":"https:\/\/www.strato.se\/foretagarallsvenskan\/wp-json\/wp\/v2\/posts"}],"about":[{"href":"https:\/\/www.strato.se\/foretagarallsvenskan\/wp-json\/wp\/v2\/types\/post"}],"author":[{"embeddable":true,"href":"https:\/\/www.strato.se\/foretagarallsvenskan\/wp-json\/wp\/v2\/users\/111"}],"replies":[{"embeddable":true,"href":"https:\/\/www.strato.se\/foretagarallsvenskan\/wp-json\/wp\/v2\/comments?post=992"}],"version-history":[{"count":1,"href":"https:\/\/www.strato.se\/foretagarallsvenskan\/wp-json\/wp\/v2\/posts\/992\/revisions"}],"predecessor-version":[{"id":993,"href":"https:\/\/www.strato.se\/foretagarallsvenskan\/wp-json\/wp\/v2\/posts\/992\/revisions\/993"}],"wp:featuredmedia":[{"embeddable":true,"href":"https:\/\/www.strato.se\/foretagarallsvenskan\/wp-json\/wp\/v2\/media\/1120"}],"wp:attachment":[{"href":"https:\/\/www.strato.se\/foretagarallsvenskan\/wp-json\/wp\/v2\/media?parent=992"}],"wp:term":[{"taxonomy":"category","embeddable":true,"href":"https:\/\/www.strato.se\/foretagarallsvenskan\/wp-json\/wp\/v2\/categories?post=992"},{"taxonomy":"post_tag","embeddable":true,"href":"https:\/\/www.strato.se\/foretagarallsvenskan\/wp-json\/wp\/v2\/tags?post=992"}],"curies":[{"name":"wp","href":"https:\/\/api.w.org\/{rel}","templated":true}]}}